{"id":5916,"date":"2025-06-23T20:57:46","date_gmt":"2025-06-23T20:57:46","guid":{"rendered":"https:\/\/atletismoviana.pt\/aavc\/?p=5916"},"modified":"2025-06-23T20:57:49","modified_gmt":"2025-06-23T20:57:49","slug":"novo-recorde-regional-absoluto-nos-100m-barreiras-por-celina-peneda","status":"publish","type":"post","link":"https:\/\/atletismoviana.pt\/aavc\/2025\/06\/23\/novo-recorde-regional-absoluto-nos-100m-barreiras-por-celina-peneda\/","title":{"rendered":"Novo Recorde Regional Absoluto nos 100m Barreiras por Celina Peneda"},"content":{"rendered":"\n<figure class=\"wp-block-image size-large\"><img loading=\"lazy\" decoding=\"async\" width=\"1024\" height=\"576\" src=\"https:\/\/atletismoviana.pt\/aavc\/wp-content\/uploads\/2025\/06\/Celina-Peneda-1024x576.jpg\" alt=\"\" class=\"wp-image-5918\" srcset=\"https:\/\/atletismoviana.pt\/aavc\/wp-content\/uploads\/2025\/06\/Celina-Peneda-1024x576.jpg 1024w, https:\/\/atletismoviana.pt\/aavc\/wp-content\/uploads\/2025\/06\/Celina-Peneda-300x169.jpg 300w, https:\/\/atletismoviana.pt\/aavc\/wp-content\/uploads\/2025\/06\/Celina-Peneda-768x432.jpg 768w, https:\/\/atletismoviana.pt\/aavc\/wp-content\/uploads\/2025\/06\/Celina-Peneda-1536x864.jpg 1536w, https:\/\/atletismoviana.pt\/aavc\/wp-content\/uploads\/2025\/06\/Celina-Peneda-2048x1152.jpg 2048w\" sizes=\"auto, (max-width: 1024px) 100vw, 1024px\" \/><\/figure>\n\n\n\n<p style=\"font-style:normal;font-weight:300\">No passado dia 19 de junho de 2025, no Est\u00e1dio Municipal Prof. Dr. Jos\u00e9 Vieira de Carvalho, durante o Campeonato Absoluto do Norte, Celina Peneda voltou a fazer hist\u00f3ria!<\/p>\n\n\n\n<p style=\"font-style:normal;font-weight:300\">A atleta estabeleceu um <strong>novo recorde regional absoluto dos 100 metros barreiras femininos<\/strong>, com a marca de <strong>14,52 segundos<\/strong>. Esta presta\u00e7\u00e3o supera o anterior recorde, que j\u00e1 lhe pertencia, depois de este ano ter destronado a marca da atleta Marta Lisboeta.<\/p>\n\n\n\n<p style=\"font-style:normal;font-weight:300\">Com esta conquista, Celina confirma o seu excelente momento de forma e refor\u00e7a o seu lugar entre as melhores barreiristas da regi\u00e3o.<br><br>Para ficar a conhecer melhor a nossa atleta, siga a Celina:<br><a href=\"https:\/\/www.instagram.com\/celinapeneda\/\">Instagram<br><\/a><a href=\"https:\/\/www.tiktok.com\/@celina_dp14\">TikTok<\/a><\/p>\n\n\n\n<p>Parab\u00e9ns, Celina!<\/p>\n","protected":false},"excerpt":{"rendered":"<p>No passado dia 19 de junho de 2025, no Est\u00e1dio Municipal Prof. Dr. Jos\u00e9 Vieira de Carvalho, durante o Campeonato Absoluto do Norte, Celina Peneda voltou a fazer hist\u00f3ria! A atleta estabeleceu um novo recorde regional absoluto dos 100 metros barreiras femininos, com a marca de 14,52 segundos. Esta presta\u00e7\u00e3o supera o anterior recorde, que [&hellip;]<\/p>\n","protected":false},"author":1,"featured_media":5917,"comment_status":"closed","ping_status":"closed","sticky":false,"template":"","format":"standard","meta":{"footnotes":""},"categories":[18],"tags":[],"class_list":["post-5916","post","type-post","status-publish","format-standard","has-post-thumbnail","hentry","category-noticias"],"_links":{"self":[{"href":"https:\/\/atletismoviana.pt\/aavc\/wp-json\/wp\/v2\/posts\/5916","targetHints":{"allow":["GET"]}}],"collection":[{"href":"https:\/\/atletismoviana.pt\/aavc\/wp-json\/wp\/v2\/posts"}],"about":[{"href":"https:\/\/atletismoviana.pt\/aavc\/wp-json\/wp\/v2\/types\/post"}],"author":[{"embeddable":true,"href":"https:\/\/atletismoviana.pt\/aavc\/wp-json\/wp\/v2\/users\/1"}],"replies":[{"embeddable":true,"href":"https:\/\/atletismoviana.pt\/aavc\/wp-json\/wp\/v2\/comments?post=5916"}],"version-history":[{"count":1,"href":"https:\/\/atletismoviana.pt\/aavc\/wp-json\/wp\/v2\/posts\/5916\/revisions"}],"predecessor-version":[{"id":5919,"href":"https:\/\/atletismoviana.pt\/aavc\/wp-json\/wp\/v2\/posts\/5916\/revisions\/5919"}],"wp:featuredmedia":[{"embeddable":true,"href":"https:\/\/atletismoviana.pt\/aavc\/wp-json\/wp\/v2\/media\/5917"}],"wp:attachment":[{"href":"https:\/\/atletismoviana.pt\/aavc\/wp-json\/wp\/v2\/media?parent=5916"}],"wp:term":[{"taxonomy":"category","embeddable":true,"href":"https:\/\/atletismoviana.pt\/aavc\/wp-json\/wp\/v2\/categories?post=5916"},{"taxonomy":"post_tag","embeddable":true,"href":"https:\/\/atletismoviana.pt\/aavc\/wp-json\/wp\/v2\/tags?post=5916"}],"curies":[{"name":"wp","href":"https:\/\/api.w.org\/{rel}","templated":true}]}}