{"id":5967,"date":"2025-06-24T19:33:12","date_gmt":"2025-06-24T19:33:12","guid":{"rendered":"https:\/\/atletismoviana.pt\/aavc\/?p=5967"},"modified":"2025-06-24T19:33:15","modified_gmt":"2025-06-24T19:33:15","slug":"olimpico-vianense-brilha-no-campeonato-absoluto-do-norte-regional-absoluto-de-viana-do-castelo","status":"publish","type":"post","link":"https:\/\/atletismoviana.pt\/aavc\/2025\/06\/24\/olimpico-vianense-brilha-no-campeonato-absoluto-do-norte-regional-absoluto-de-viana-do-castelo\/","title":{"rendered":"Ol\u00edmpico Vianense brilha no Campeonato Absoluto do Norte \/ Regional Absoluto de Viana do Castelo"},"content":{"rendered":"\n<figure class=\"wp-block-image size-large\"><img loading=\"lazy\" decoding=\"async\" width=\"1024\" height=\"640\" src=\"https:\/\/atletismoviana.pt\/aavc\/wp-content\/uploads\/2025\/06\/RegionalAbsoluto-Web-inLine-1024x640.jpg\" alt=\"110m barreiras - regional absoluto da zona norte\" class=\"wp-image-5968\" srcset=\"https:\/\/atletismoviana.pt\/aavc\/wp-content\/uploads\/2025\/06\/RegionalAbsoluto-Web-inLine-1024x640.jpg 1024w, https:\/\/atletismoviana.pt\/aavc\/wp-content\/uploads\/2025\/06\/RegionalAbsoluto-Web-inLine-300x188.jpg 300w, https:\/\/atletismoviana.pt\/aavc\/wp-content\/uploads\/2025\/06\/RegionalAbsoluto-Web-inLine-768x480.jpg 768w, https:\/\/atletismoviana.pt\/aavc\/wp-content\/uploads\/2025\/06\/RegionalAbsoluto-Web-inLine.jpg 1280w\" sizes=\"auto, (max-width: 1024px) 100vw, 1024px\" \/><\/figure>\n\n\n\n<div style=\"height:20px\" aria-hidden=\"true\" class=\"wp-block-spacer\"><\/div>\n\n\n\n<p style=\"font-style:normal;font-weight:300\">O atletismo vianense brilhou no <strong>Campeonato Absoluto do Norte<\/strong>, que decorreu em Lousada e Maia, com resultados de grande destaque a n\u00edvel regional e nacional!<\/p>\n\n\n\n<p style=\"font-style:normal;font-weight:300\"><strong>Classifica\u00e7\u00e3o Coletiva Feminina \u2013 Regional Viana do Castelo:<\/strong><strong><br><\/strong> \ud83e\udd47 CA Mazarefes \u2013 128 pontos<br>\ud83e\udd48 Academia de Valdevez \u2013 98 pontos<br>\ud83e\udd49 Ol\u00edmpico Vianense \u2013 30 pontos<\/p>\n\n\n\n<p style=\"font-style:normal;font-weight:300\"><strong>Classifica\u00e7\u00e3o Coletiva Masculina \u2013 Regional Viana do Castelo:<\/strong><strong><br><\/strong> \ud83e\udd47 Ol\u00edmpico Vianense \u2013 203 pontos<br>\ud83e\udd48 CA Mazarefes \u2013 190 pontos<br>\ud83e\udd49 Academia de Valdevez \u2013 51 pontos<\/p>\n\n\n\n<p style=\"font-style:normal;font-weight:300\"><strong>Destaque especial para o Ol\u00edmpico Vianense<\/strong>, que venceu tamb\u00e9m a <strong>classifica\u00e7\u00e3o coletiva da Zona Norte<\/strong>, com <strong>112 pontos<\/strong>, afirmando-se entre os melhores clubes do norte do pa\u00eds.<\/p>\n\n\n\n<p style=\"font-style:normal;font-weight:300\">Parab\u00e9ns a todos os clubes, atletas e treinadores.<\/p>\n\n\n\n<p style=\"font-style:normal;font-weight:300\">Resultados dispon\u00edveis em:<br><a href=\"https:\/\/www.aaporto.net\/pagCompeticao.php?idComp=2340\">https:\/\/www.aaporto.net\/pagCompeticao.php?idComp=2340<\/a>&nbsp;&nbsp;<\/p>\n\n\n\n<p><br><strong>Pelo Atletismo, para os Atletas, com os Clubes<\/strong><\/p>\n","protected":false},"excerpt":{"rendered":"<p>O atletismo vianense brilhou no Campeonato Absoluto do Norte, que decorreu em Lousada e Maia, com resultados de grande destaque a n\u00edvel regional e nacional! Classifica\u00e7\u00e3o Coletiva Feminina \u2013 Regional Viana do Castelo: \ud83e\udd47 CA Mazarefes \u2013 128 pontos\ud83e\udd48 Academia de Valdevez \u2013 98 pontos\ud83e\udd49 Ol\u00edmpico Vianense \u2013 30 pontos Classifica\u00e7\u00e3o Coletiva Masculina \u2013 Regional [&hellip;]<\/p>\n","protected":false},"author":1,"featured_media":5969,"comment_status":"closed","ping_status":"closed","sticky":false,"template":"","format":"standard","meta":{"footnotes":""},"categories":[18],"tags":[60,59,80,79],"class_list":["post-5967","post","type-post","status-publish","format-standard","has-post-thumbnail","hentry","category-noticias","tag-aavc","tag-atletismo","tag-campeonato-regional-absoluto","tag-olimpico-vianense"],"_links":{"self":[{"href":"https:\/\/atletismoviana.pt\/aavc\/wp-json\/wp\/v2\/posts\/5967","targetHints":{"allow":["GET"]}}],"collection":[{"href":"https:\/\/atletismoviana.pt\/aavc\/wp-json\/wp\/v2\/posts"}],"about":[{"href":"https:\/\/atletismoviana.pt\/aavc\/wp-json\/wp\/v2\/types\/post"}],"author":[{"embeddable":true,"href":"https:\/\/atletismoviana.pt\/aavc\/wp-json\/wp\/v2\/users\/1"}],"replies":[{"embeddable":true,"href":"https:\/\/atletismoviana.pt\/aavc\/wp-json\/wp\/v2\/comments?post=5967"}],"version-history":[{"count":2,"href":"https:\/\/atletismoviana.pt\/aavc\/wp-json\/wp\/v2\/posts\/5967\/revisions"}],"predecessor-version":[{"id":5971,"href":"https:\/\/atletismoviana.pt\/aavc\/wp-json\/wp\/v2\/posts\/5967\/revisions\/5971"}],"wp:featuredmedia":[{"embeddable":true,"href":"https:\/\/atletismoviana.pt\/aavc\/wp-json\/wp\/v2\/media\/5969"}],"wp:attachment":[{"href":"https:\/\/atletismoviana.pt\/aavc\/wp-json\/wp\/v2\/media?parent=5967"}],"wp:term":[{"taxonomy":"category","embeddable":true,"href":"https:\/\/atletismoviana.pt\/aavc\/wp-json\/wp\/v2\/categories?post=5967"},{"taxonomy":"post_tag","embeddable":true,"href":"https:\/\/atletismoviana.pt\/aavc\/wp-json\/wp\/v2\/tags?post=5967"}],"curies":[{"name":"wp","href":"https:\/\/api.w.org\/{rel}","templated":true}]}}