{"id":5997,"date":"2025-06-26T22:43:37","date_gmt":"2025-06-26T22:43:37","guid":{"rendered":"https:\/\/atletismoviana.pt\/aavc\/?p=5997"},"modified":"2025-06-26T22:43:41","modified_gmt":"2025-06-26T22:43:41","slug":"jornada-de-lancamentos-iv-lovelhe-25-de-junho","status":"publish","type":"post","link":"https:\/\/atletismoviana.pt\/aavc\/2025\/06\/26\/jornada-de-lancamentos-iv-lovelhe-25-de-junho\/","title":{"rendered":"Jornada de Lan\u00e7amentos IV \u2013 Lovelhe 25 de junho"},"content":{"rendered":"\n<figure class=\"wp-block-image size-large\"><img loading=\"lazy\" decoding=\"async\" width=\"1365\" height=\"767\" src=\"https:\/\/atletismoviana.pt\/aavc\/wp-content\/uploads\/2025\/06\/Web-thumbnail-4-edited.jpg\" alt=\"\" class=\"wp-image-6005\" srcset=\"https:\/\/atletismoviana.pt\/aavc\/wp-content\/uploads\/2025\/06\/Web-thumbnail-4-edited.jpg 1365w, https:\/\/atletismoviana.pt\/aavc\/wp-content\/uploads\/2025\/06\/Web-thumbnail-4-edited-300x169.jpg 300w, https:\/\/atletismoviana.pt\/aavc\/wp-content\/uploads\/2025\/06\/Web-thumbnail-4-edited-1024x575.jpg 1024w, https:\/\/atletismoviana.pt\/aavc\/wp-content\/uploads\/2025\/06\/Web-thumbnail-4-edited-768x432.jpg 768w\" sizes=\"auto, (max-width: 1365px) 100vw, 1365px\" \/><\/figure>\n\n\n\n<p style=\"font-style:normal;font-weight:300\">Mais uma excelente tarde de atletismo em Lovelhe, com grandes resultados na <strong>Jornada de Lan\u00e7amentos IV<\/strong>, marcada pela participa\u00e7\u00e3o de atletas de v\u00e1rios escal\u00f5es e por marcas de alto n\u00edvel t\u00e9cnico.<\/p>\n\n\n\n<p style=\"font-style:normal;font-weight:300\"><strong>Destaques da jornada:<\/strong><\/p>\n\n\n\n<p style=\"font-style:normal;font-weight:300\"><strong>Disco 1,5kg \u2013 Sub-18 Masculino<\/strong><strong><br><\/strong> \u2022 Hugo Casa\u00f1as (ADCL) \u2013 <strong>61,94m<\/strong><\/p>\n\n\n\n<p style=\"font-style:normal;font-weight:300\"><strong>Martelo 3kg \u2013 Sub-18 Feminino<\/strong><strong><br><\/strong> \u2022 Lidya Valdes (ADCL) \u2013 <strong>52,32m<\/strong><strong><br><\/strong> \u2022 Gabriela Moura (ADV-VC) \u2013 <strong>38,33m<\/strong><\/p>\n\n\n\n<p style=\"font-style:normal;font-weight:300\"><strong>Martelo 4kg \u2013 Sub-20 Feminino<\/strong><strong><br><\/strong> \u2022 Aixa Corbacho Vidal (ADCL) \u2013 <strong>59,55m<\/strong><\/p>\n\n\n\n<p style=\"font-style:normal;font-weight:300\"><strong>Martelo 4kg \u2013 Seniores Feminino<\/strong><strong><br><\/strong> \u2022 Ximena Zorrilla (ADCL) \u2013 <strong>64,67m<\/strong><\/p>\n\n\n\n<p style=\"font-style:normal;font-weight:300\"><strong>Martelo 5kg \u2013 Sub-18 Masculino<\/strong><strong><br><\/strong> \u2022 Javier Cid (ADCL) \u2013 <strong>59,49m<\/strong><\/p>\n\n\n\n<p style=\"font-style:normal;font-weight:300\"><strong>Martelo 6kg \u2013 Sub-20 Masculino<\/strong><strong><br><\/strong> \u2022 Daniel Villanueva (CAOV) \u2013 <strong>51,10m<\/strong><\/p>\n\n\n\n<p style=\"font-style:normal;font-weight:300\"><strong>Martelo 2kg \u2013 Sub-14 Feminino<\/strong><strong><br><\/strong> \u2022 Irina Lopes (ADCL) \u2013 <strong>43,69m<\/strong><\/p>\n\n\n\n<p style=\"font-style:normal;font-weight:300\"><strong>Disco 1kg \u2013 Seniores Feminino<\/strong><strong><br><\/strong> \u2022 Ana Granja (ADRAP) \u2013 <strong>32,52m<\/strong><\/p>\n\n\n\n<p style=\"font-style:normal;font-weight:300\"><strong>Disco 2kg \u2013 Seniores Masculino<\/strong><strong><br><\/strong> \u2022 R\u00e9mi Lima (CAM-VC) \u2013 <strong>40,30m<\/strong><\/p>\n\n\n\n<p style=\"font-style:normal;font-weight:300\"><strong>Disco 1kg \u2013 Sub-16 Masculino<\/strong><strong><br><\/strong> \u2022 Afonso Rodrigues (ADCL) \u2013 <strong>37,39m<\/strong><\/p>\n\n\n\n<p style=\"font-style:normal;font-weight:300\"><strong>Disco 750g \u2013 Sub-16 Feminino<\/strong><strong><br><\/strong> \u2022 Camila S\u00e1 (GDC-VC) \u2013 <strong>23,81m<\/strong><\/p>\n\n\n\n<div style=\"height:10px\" aria-hidden=\"true\" class=\"wp-block-spacer\"><\/div>\n\n\n\n<figure class=\"wp-block-gallery alignwide has-nested-images columns-default is-cropped wp-block-gallery-1 is-layout-flex wp-block-gallery-is-layout-flex\">\n<figure class=\"wp-block-image size-large\"><img loading=\"lazy\" decoding=\"async\" width=\"1024\" height=\"671\" data-id=\"6001\" src=\"https:\/\/atletismoviana.pt\/aavc\/wp-content\/uploads\/2025\/06\/Web-thumbnail-3-1024x671.jpg\" alt=\"\" class=\"wp-image-6001\" srcset=\"https:\/\/atletismoviana.pt\/aavc\/wp-content\/uploads\/2025\/06\/Web-thumbnail-3-1024x671.jpg 1024w, https:\/\/atletismoviana.pt\/aavc\/wp-content\/uploads\/2025\/06\/Web-thumbnail-3-300x196.jpg 300w, https:\/\/atletismoviana.pt\/aavc\/wp-content\/uploads\/2025\/06\/Web-thumbnail-3-768x503.jpg 768w, https:\/\/atletismoviana.pt\/aavc\/wp-content\/uploads\/2025\/06\/Web-thumbnail-3.jpg 1365w\" sizes=\"auto, (max-width: 1024px) 100vw, 1024px\" \/><\/figure>\n\n\n\n<figure class=\"wp-block-image size-large\"><img loading=\"lazy\" decoding=\"async\" width=\"1024\" height=\"671\" data-id=\"6002\" src=\"https:\/\/atletismoviana.pt\/aavc\/wp-content\/uploads\/2025\/06\/Web-thumbnail-1-1-1024x671.jpg\" alt=\"atletas AAVC - jornada de lan\u00e7amentos Lovelhe\" class=\"wp-image-6002\" srcset=\"https:\/\/atletismoviana.pt\/aavc\/wp-content\/uploads\/2025\/06\/Web-thumbnail-1-1-1024x671.jpg 1024w, https:\/\/atletismoviana.pt\/aavc\/wp-content\/uploads\/2025\/06\/Web-thumbnail-1-1-300x196.jpg 300w, https:\/\/atletismoviana.pt\/aavc\/wp-content\/uploads\/2025\/06\/Web-thumbnail-1-1-768x503.jpg 768w, https:\/\/atletismoviana.pt\/aavc\/wp-content\/uploads\/2025\/06\/Web-thumbnail-1-1.jpg 1365w\" sizes=\"auto, (max-width: 1024px) 100vw, 1024px\" \/><\/figure>\n<\/figure>\n\n\n\n<div style=\"height:10px\" aria-hidden=\"true\" class=\"wp-block-spacer\"><\/div>\n\n\n\n<p style=\"font-style:normal;font-weight:300\">Um grande parab\u00e9ns a todos os participantes e clubes envolvidos. Lovelhe volta a mostrar-se como um centro de excel\u00eancia para os lan\u00e7amentos.<\/p>\n\n\n\n<p style=\"font-style:normal;font-weight:300\">Resultados completos em:<br><a href=\"https:\/\/fpacompeticoes.pt\/5012\/competicao\">https:\/\/fpacompeticoes.pt\/5012\/competicao<\/a> <\/p>\n\n\n\n<p>Pelo Atletismo, para os Atletas, com os Clubes.<\/p>\n","protected":false},"excerpt":{"rendered":"<p>Mais uma excelente tarde de atletismo em Lovelhe, com grandes resultados na Jornada de Lan\u00e7amentos IV, marcada pela participa\u00e7\u00e3o de atletas de v\u00e1rios escal\u00f5es e por marcas de alto n\u00edvel t\u00e9cnico. Destaques da jornada: Disco 1,5kg \u2013 Sub-18 Masculino \u2022 Hugo Casa\u00f1as (ADCL) \u2013 61,94m Martelo 3kg \u2013 Sub-18 Feminino \u2022 Lidya Valdes (ADCL) \u2013 [&hellip;]<\/p>\n","protected":false},"author":1,"featured_media":5998,"comment_status":"closed","ping_status":"closed","sticky":false,"template":"","format":"standard","meta":{"footnotes":""},"categories":[18],"tags":[60,59,89,90,70],"class_list":["post-5997","post","type-post","status-publish","format-standard","has-post-thumbnail","hentry","category-noticias","tag-aavc","tag-atletismo","tag-jornada-de-lancamentos","tag-lovelhe","tag-viana-do-castelo"],"_links":{"self":[{"href":"https:\/\/atletismoviana.pt\/aavc\/wp-json\/wp\/v2\/posts\/5997","targetHints":{"allow":["GET"]}}],"collection":[{"href":"https:\/\/atletismoviana.pt\/aavc\/wp-json\/wp\/v2\/posts"}],"about":[{"href":"https:\/\/atletismoviana.pt\/aavc\/wp-json\/wp\/v2\/types\/post"}],"author":[{"embeddable":true,"href":"https:\/\/atletismoviana.pt\/aavc\/wp-json\/wp\/v2\/users\/1"}],"replies":[{"embeddable":true,"href":"https:\/\/atletismoviana.pt\/aavc\/wp-json\/wp\/v2\/comments?post=5997"}],"version-history":[{"count":2,"href":"https:\/\/atletismoviana.pt\/aavc\/wp-json\/wp\/v2\/posts\/5997\/revisions"}],"predecessor-version":[{"id":6006,"href":"https:\/\/atletismoviana.pt\/aavc\/wp-json\/wp\/v2\/posts\/5997\/revisions\/6006"}],"wp:featuredmedia":[{"embeddable":true,"href":"https:\/\/atletismoviana.pt\/aavc\/wp-json\/wp\/v2\/media\/5998"}],"wp:attachment":[{"href":"https:\/\/atletismoviana.pt\/aavc\/wp-json\/wp\/v2\/media?parent=5997"}],"wp:term":[{"taxonomy":"category","embeddable":true,"href":"https:\/\/atletismoviana.pt\/aavc\/wp-json\/wp\/v2\/categories?post=5997"},{"taxonomy":"post_tag","embeddable":true,"href":"https:\/\/atletismoviana.pt\/aavc\/wp-json\/wp\/v2\/tags?post=5997"}],"curies":[{"name":"wp","href":"https:\/\/api.w.org\/{rel}","templated":true}]}}