{"id":6007,"date":"2025-06-27T21:50:33","date_gmt":"2025-06-27T21:50:33","guid":{"rendered":"https:\/\/atletismoviana.pt\/aavc\/?p=6007"},"modified":"2025-06-27T22:10:57","modified_gmt":"2025-06-27T22:10:57","slug":"a-milha-urbana-de-viana-do-castelo-esta-de-volta","status":"publish","type":"post","link":"https:\/\/atletismoviana.pt\/aavc\/2025\/06\/27\/a-milha-urbana-de-viana-do-castelo-esta-de-volta\/","title":{"rendered":"A Milha Urbana de Viana do Castelo est\u00e1 de volta"},"content":{"rendered":"\n<figure class=\"wp-block-image size-large\"><img loading=\"lazy\" decoding=\"async\" width=\"1024\" height=\"512\" src=\"http:\/\/atletismoviana.pt\/aavc\/wp-content\/uploads\/2025\/06\/FPA_competicoes-thumbnail-1024x512.png\" alt=\"milha urbana de viana do castelo\" class=\"wp-image-6012\" srcset=\"https:\/\/atletismoviana.pt\/aavc\/wp-content\/uploads\/2025\/06\/FPA_competicoes-thumbnail-1024x512.png 1024w, https:\/\/atletismoviana.pt\/aavc\/wp-content\/uploads\/2025\/06\/FPA_competicoes-thumbnail-300x150.png 300w, https:\/\/atletismoviana.pt\/aavc\/wp-content\/uploads\/2025\/06\/FPA_competicoes-thumbnail-768x384.png 768w, https:\/\/atletismoviana.pt\/aavc\/wp-content\/uploads\/2025\/06\/FPA_competicoes-thumbnail-1536x768.png 1536w, https:\/\/atletismoviana.pt\/aavc\/wp-content\/uploads\/2025\/06\/FPA_competicoes-thumbnail.png 2000w\" sizes=\"auto, (max-width: 1024px) 100vw, 1024px\" \/><\/figure>\n\n\n\n<p style=\"font-size:1.1em;font-style:normal;font-weight:300\">No dia <strong>5 de julho de 2025<\/strong>, a <strong>Pra\u00e7a da Rep\u00fablica<\/strong> volta a ser o palco de uma das provas mais emblem\u00e1ticas do atletismo nacional &#8211; a <strong>Milha Urbana de Viana do Castelo.<\/strong><\/p>\n\n\n\n<p style=\"font-size:1.1em;font-style:normal;font-weight:300\">Nesta edi\u00e7\u00e3o, celebramos o regresso ao <strong>hist\u00f3rico hor\u00e1rio noturno<\/strong>, de volta aos tempos em que a Milha de Viana era refer\u00eancia no calend\u00e1rio nacional.<\/p>\n\n\n\n<p style=\"font-size:1.1em;font-style:normal;font-weight:300\">Na edi\u00e7\u00e3o mais recente, o percurso foi redesenhado para colocar em destaque o centro hist\u00f3rico da cidade. A partida e chegada realizam-se na emblem\u00e1tica Pra\u00e7a da Rep\u00fablica, ponto central da vida urbana de Viana do Castelo.<\/p>\n\n\n\n<p style=\"font-size:1.1em\"><strong>O trajeto segue o seguinte percurso:<\/strong><\/p>\n\n\n\n<ol class=\"wp-block-list\">\n<li class=\"has-medium-font-size\" style=\"font-style:normal;font-weight:300\">Partida na Pra\u00e7a da Rep\u00fablica<\/li>\n\n\n\n<li class=\"has-medium-font-size\" style=\"font-style:normal;font-weight:300\">Descida pela Rua da Picota<\/li>\n\n\n\n<li class=\"has-medium-font-size\" style=\"font-style:normal;font-weight:300\">Travessia da Avenida da Grande Guerra<\/li>\n\n\n\n<li class=\"has-medium-font-size\" style=\"font-style:normal;font-weight:300\">Viragem \u00e0 esquerda na Rua Grande<\/li>\n\n\n\n<li class=\"has-medium-font-size\" style=\"font-style:normal;font-weight:300\">Nova viragem \u00e0 esquerda na Rua Sacadura Cabral<\/li>\n\n\n\n<li class=\"has-medium-font-size\" style=\"font-style:normal;font-weight:300\">Reentrada na Pra\u00e7a da Rep\u00fablica<br><a href=\"\"><\/a><\/li>\n<\/ol>\n\n\n\n<div style=\"height:50px\" aria-hidden=\"true\" class=\"wp-block-spacer\"><\/div>\n\n\n\n<iframe src=\"https:\/\/www.google.com\/maps\/embed?pb=!1m48!1m12!1m3!1d1489.6435176207708!2d-8.829170943362199!3d41.69273889278576!2m3!1f0!2f0!3f0!3m2!1i1024!2i768!4f13.1!4m33!3e2!4m5!1s0xd25b62e8c07323d%3A0x4582caba1203e8ec!2sPra%C3%A7a%20da%20Rep%C3%BAblica%2032-21%2C%204900-532%20Viana%20do%20Castelo%2C%20Portugal!3m2!1d41.693317799999996!2d-8.8283645!4m5!1s0xd25b62eef04cd29%3A0xa191479ea4962cc4!2sRua%20da%20Picota%2C%20Viana%20do%20Castelo%2C%20Portugal!3m2!1d41.6925074!2d-8.828598399999999!4m3!3m2!1d41.691956499999996!2d-8.828722599999999!4m3!3m2!1d41.6919013!2d-8.828426799999999!4m3!3m2!1d41.6927744!2d-8.8270126!4m3!3m2!1d41.693644!2d-8.8280043!4m3!3m2!1d41.6933674!2d-8.8283553!5e0!3m2!1sen!2snl!4v1751060060084!5m2!1sen!2snl\" width=\"800\" height=\"600\" style=\"border:0;\" allowfullscreen=\"\" loading=\"lazy\" referrerpolicy=\"no-referrer-when-downgrade\"><\/iframe>\n\n\n\n<div style=\"height:50px\" aria-hidden=\"true\" class=\"wp-block-spacer\"><\/div>\n\n\n\n<p style=\"font-size:1.1em;font-style:normal;font-weight:300\">\ud83d\udccd <strong>Pra\u00e7a da Rep\u00fablica \u2013 Viana do Castelo<br><\/strong> \ud83d\udd57 <strong>In\u00edcio: 20h00 | T\u00e9rmino: 23h00<br><\/strong> \ud83d\udce5 <strong>Inscri\u00e7\u00f5es j\u00e1 abertas<\/strong> <strong>em:<\/strong><a href=\"https:\/\/www.fpacompeticoes.pt\"> <\/a><a href=\"https:\/\/fpacompeticoes.pt\/4995\/inscrever\">https:\/\/fpacompeticoes.pt\/4995\/inscrever<\/a>\u00a0<\/p>\n\n\n\n<div style=\"height:10px\" aria-hidden=\"true\" class=\"wp-block-spacer\"><\/div>\n\n\n\n<p style=\"font-size:1.1em;font-style:normal;font-weight:300\">Vem correr esta prova e celebrar o atletismo no cora\u00e7\u00e3o da cidade.<\/p>\n\n\n\n<p style=\"font-size:1.1em;font-style:normal;font-weight:300\"><strong>Pelo Atletismo, para os Atletas, com os Clubes.<\/strong><\/p>\n","protected":false},"excerpt":{"rendered":"<p>No dia 5 de julho de 2025, a Pra\u00e7a da Rep\u00fablica volta a ser o palco de uma das provas mais emblem\u00e1ticas do atletismo nacional &#8211; a Milha Urbana de Viana do Castelo. Nesta edi\u00e7\u00e3o, celebramos o regresso ao hist\u00f3rico hor\u00e1rio noturno, de volta aos tempos em que a Milha de Viana era refer\u00eancia no [&hellip;]<\/p>\n","protected":false},"author":1,"featured_media":6021,"comment_status":"closed","ping_status":"closed","sticky":false,"template":"","format":"standard","meta":{"footnotes":""},"categories":[18],"tags":[60,59,91,70],"class_list":["post-6007","post","type-post","status-publish","format-standard","has-post-thumbnail","hentry","category-noticias","tag-aavc","tag-atletismo","tag-milha-urbana","tag-viana-do-castelo"],"_links":{"self":[{"href":"https:\/\/atletismoviana.pt\/aavc\/wp-json\/wp\/v2\/posts\/6007","targetHints":{"allow":["GET"]}}],"collection":[{"href":"https:\/\/atletismoviana.pt\/aavc\/wp-json\/wp\/v2\/posts"}],"about":[{"href":"https:\/\/atletismoviana.pt\/aavc\/wp-json\/wp\/v2\/types\/post"}],"author":[{"embeddable":true,"href":"https:\/\/atletismoviana.pt\/aavc\/wp-json\/wp\/v2\/users\/1"}],"replies":[{"embeddable":true,"href":"https:\/\/atletismoviana.pt\/aavc\/wp-json\/wp\/v2\/comments?post=6007"}],"version-history":[{"count":10,"href":"https:\/\/atletismoviana.pt\/aavc\/wp-json\/wp\/v2\/posts\/6007\/revisions"}],"predecessor-version":[{"id":6020,"href":"https:\/\/atletismoviana.pt\/aavc\/wp-json\/wp\/v2\/posts\/6007\/revisions\/6020"}],"wp:featuredmedia":[{"embeddable":true,"href":"https:\/\/atletismoviana.pt\/aavc\/wp-json\/wp\/v2\/media\/6021"}],"wp:attachment":[{"href":"https:\/\/atletismoviana.pt\/aavc\/wp-json\/wp\/v2\/media?parent=6007"}],"wp:term":[{"taxonomy":"category","embeddable":true,"href":"https:\/\/atletismoviana.pt\/aavc\/wp-json\/wp\/v2\/categories?post=6007"},{"taxonomy":"post_tag","embeddable":true,"href":"https:\/\/atletismoviana.pt\/aavc\/wp-json\/wp\/v2\/tags?post=6007"}],"curies":[{"name":"wp","href":"https:\/\/api.w.org\/{rel}","templated":true}]}}