{"id":6022,"date":"2025-06-29T17:58:48","date_gmt":"2025-06-29T17:58:48","guid":{"rendered":"https:\/\/atletismoviana.pt\/aavc\/?p=6022"},"modified":"2025-06-29T18:00:16","modified_gmt":"2025-06-29T18:00:16","slug":"ultra-trail-de-santa-luzia-com-uma-jornada-epica-pelos-trilhos-de-viana","status":"publish","type":"post","link":"https:\/\/atletismoviana.pt\/aavc\/2025\/06\/29\/ultra-trail-de-santa-luzia-com-uma-jornada-epica-pelos-trilhos-de-viana\/","title":{"rendered":"Ultra Trail de Santa Luzia com uma jornada \u00e9pica pelos trilhos de Viana"},"content":{"rendered":"\n<figure class=\"wp-block-image size-large\"><img loading=\"lazy\" decoding=\"async\" width=\"1024\" height=\"561\" src=\"http:\/\/atletismoviana.pt\/aavc\/wp-content\/uploads\/2025\/06\/CN-UltraTrail-03-1024x561.jpg\" alt=\"\" class=\"wp-image-6025\" srcset=\"https:\/\/atletismoviana.pt\/aavc\/wp-content\/uploads\/2025\/06\/CN-UltraTrail-03-1024x561.jpg 1024w, https:\/\/atletismoviana.pt\/aavc\/wp-content\/uploads\/2025\/06\/CN-UltraTrail-03-300x164.jpg 300w, https:\/\/atletismoviana.pt\/aavc\/wp-content\/uploads\/2025\/06\/CN-UltraTrail-03-768x421.jpg 768w, https:\/\/atletismoviana.pt\/aavc\/wp-content\/uploads\/2025\/06\/CN-UltraTrail-03.jpg 1365w\" sizes=\"auto, (max-width: 1024px) 100vw, 1024px\" \/><figcaption class=\"wp-element-caption\">Fotografia: Jos\u00e9 Amaro<\/figcaption><\/figure>\n\n\n\n<p style=\"font-style:normal;font-weight:300\">Ontem, Viana do Castelo voltou a ser palco de grandes emo\u00e7\u00f5es com o <strong>Ultra Trail de Santa Luzia<\/strong>, prova que contou com <strong>mais de 500 atletas<\/strong> numa das mais emblem\u00e1ticas etapas da \u00e9poca.<\/p>\n\n\n\n<p style=\"font-style:normal;font-weight:300\">No setor <strong>masculino<\/strong>, o vencedor foi <strong>Bruno Silva<\/strong>, seguido de perto por <strong>Nuno Campos<\/strong> e <strong>Jo\u00e3o Ferreira<\/strong>, completando o p\u00f3dio.<br>Na competi\u00e7\u00e3o <strong>feminina<\/strong>, <strong>Ana Rodrigues<\/strong> foi a vencedora, com <strong>Marisa Vieira<\/strong> e <strong>Carla Pereira<\/strong> a garantirem os segundo e terceiro lugares, respetivamente.<\/p>\n\n\n\n<p style=\"font-style:normal;font-weight:300\">Esta foi a <strong>pen\u00faltima etapa do Circuito Distrital de Trail<\/strong>, numa \u00e9poca em que <strong>Viana volta a afirmar-se como refer\u00eancia no trail nacional<\/strong>, ao acolher mais uma prova de <strong>Campeonato Nacional<\/strong>. No final deste m\u00eas, o <strong>Nacional de Montanha<\/strong> chega tamb\u00e9m \u00e0 nossa regi\u00e3o.<\/p>\n\n\n\n<div style=\"height:20px\" aria-hidden=\"true\" class=\"wp-block-spacer\"><\/div>\n\n\n\n<figure class=\"wp-block-gallery alignwide has-nested-images columns-default is-cropped wp-block-gallery-1 is-layout-flex wp-block-gallery-is-layout-flex\">\n<figure class=\"wp-block-image size-large\"><img loading=\"lazy\" decoding=\"async\" width=\"1024\" height=\"561\" data-id=\"6024\" src=\"https:\/\/atletismoviana.pt\/aavc\/wp-content\/uploads\/2025\/06\/CN-UltraTrail-02-1024x561.jpg\" alt=\"\" class=\"wp-image-6024\" srcset=\"https:\/\/atletismoviana.pt\/aavc\/wp-content\/uploads\/2025\/06\/CN-UltraTrail-02-1024x561.jpg 1024w, https:\/\/atletismoviana.pt\/aavc\/wp-content\/uploads\/2025\/06\/CN-UltraTrail-02-300x164.jpg 300w, https:\/\/atletismoviana.pt\/aavc\/wp-content\/uploads\/2025\/06\/CN-UltraTrail-02-768x421.jpg 768w, https:\/\/atletismoviana.pt\/aavc\/wp-content\/uploads\/2025\/06\/CN-UltraTrail-02.jpg 1365w\" sizes=\"auto, (max-width: 1024px) 100vw, 1024px\" \/><figcaption class=\"wp-element-caption\">Fotografia: Jos\u00e9 Amaro<\/figcaption><\/figure>\n\n\n\n<figure class=\"wp-block-image size-large\"><img loading=\"lazy\" decoding=\"async\" width=\"1024\" height=\"561\" data-id=\"6027\" src=\"https:\/\/atletismoviana.pt\/aavc\/wp-content\/uploads\/2025\/06\/CN-UltraTrail-04-1024x561.jpg\" alt=\"\" class=\"wp-image-6027\" srcset=\"https:\/\/atletismoviana.pt\/aavc\/wp-content\/uploads\/2025\/06\/CN-UltraTrail-04-1024x561.jpg 1024w, https:\/\/atletismoviana.pt\/aavc\/wp-content\/uploads\/2025\/06\/CN-UltraTrail-04-300x164.jpg 300w, https:\/\/atletismoviana.pt\/aavc\/wp-content\/uploads\/2025\/06\/CN-UltraTrail-04-768x421.jpg 768w, https:\/\/atletismoviana.pt\/aavc\/wp-content\/uploads\/2025\/06\/CN-UltraTrail-04.jpg 1365w\" sizes=\"auto, (max-width: 1024px) 100vw, 1024px\" \/><figcaption class=\"wp-element-caption\">Fotografia: Jos\u00e9 Amaro<\/figcaption><\/figure>\n<\/figure>\n\n\n\n<div style=\"height:20px\" aria-hidden=\"true\" class=\"wp-block-spacer\"><\/div>\n\n\n\n<p style=\"font-style:normal;font-weight:300\">Resultados dispon\u00edveis em:<br><a href=\"https:\/\/results.stopandgo.pro\/1522\">https:\/\/results.stopandgo.pro\/1522<\/a>&nbsp;<\/p>\n\n\n\n<p style=\"font-style:normal;font-weight:300\">Parab\u00e9ns a todos os atletas e organizadores por mais um evento de excel\u00eancia.<\/p>\n\n\n\n<p style=\"font-style:normal;font-weight:300\"><strong>Pelo Atletismo, para os Atletas, com os Clubes.<\/strong><\/p>\n","protected":false},"excerpt":{"rendered":"<p>Ontem, Viana do Castelo voltou a ser palco de grandes emo\u00e7\u00f5es com o Ultra Trail de Santa Luzia, prova que contou com mais de 500 atletas numa das mais emblem\u00e1ticas etapas da \u00e9poca. No setor masculino, o vencedor foi Bruno Silva, seguido de perto por Nuno Campos e Jo\u00e3o Ferreira, completando o p\u00f3dio.Na competi\u00e7\u00e3o feminina, [&hellip;]<\/p>\n","protected":false},"author":1,"featured_media":6023,"comment_status":"closed","ping_status":"closed","sticky":false,"template":"","format":"standard","meta":{"footnotes":""},"categories":[18],"tags":[],"class_list":["post-6022","post","type-post","status-publish","format-standard","has-post-thumbnail","hentry","category-noticias"],"_links":{"self":[{"href":"https:\/\/atletismoviana.pt\/aavc\/wp-json\/wp\/v2\/posts\/6022","targetHints":{"allow":["GET"]}}],"collection":[{"href":"https:\/\/atletismoviana.pt\/aavc\/wp-json\/wp\/v2\/posts"}],"about":[{"href":"https:\/\/atletismoviana.pt\/aavc\/wp-json\/wp\/v2\/types\/post"}],"author":[{"embeddable":true,"href":"https:\/\/atletismoviana.pt\/aavc\/wp-json\/wp\/v2\/users\/1"}],"replies":[{"embeddable":true,"href":"https:\/\/atletismoviana.pt\/aavc\/wp-json\/wp\/v2\/comments?post=6022"}],"version-history":[{"count":3,"href":"https:\/\/atletismoviana.pt\/aavc\/wp-json\/wp\/v2\/posts\/6022\/revisions"}],"predecessor-version":[{"id":6029,"href":"https:\/\/atletismoviana.pt\/aavc\/wp-json\/wp\/v2\/posts\/6022\/revisions\/6029"}],"wp:featuredmedia":[{"embeddable":true,"href":"https:\/\/atletismoviana.pt\/aavc\/wp-json\/wp\/v2\/media\/6023"}],"wp:attachment":[{"href":"https:\/\/atletismoviana.pt\/aavc\/wp-json\/wp\/v2\/media?parent=6022"}],"wp:term":[{"taxonomy":"category","embeddable":true,"href":"https:\/\/atletismoviana.pt\/aavc\/wp-json\/wp\/v2\/categories?post=6022"},{"taxonomy":"post_tag","embeddable":true,"href":"https:\/\/atletismoviana.pt\/aavc\/wp-json\/wp\/v2\/tags?post=6022"}],"curies":[{"name":"wp","href":"https:\/\/api.w.org\/{rel}","templated":true}]}}