{"id":6030,"date":"2025-06-29T19:24:10","date_gmt":"2025-06-29T19:24:10","guid":{"rendered":"https:\/\/atletismoviana.pt\/aavc\/?p=6030"},"modified":"2025-06-29T19:24:13","modified_gmt":"2025-06-29T19:24:13","slug":"campeonato-nacional-sub-18-com-talento-vianense-em-destaque","status":"publish","type":"post","link":"https:\/\/atletismoviana.pt\/aavc\/2025\/06\/29\/campeonato-nacional-sub-18-com-talento-vianense-em-destaque\/","title":{"rendered":"Campeonato Nacional Sub-18 com talento Vianense em destaque"},"content":{"rendered":"\n<div style=\"height:20px\" aria-hidden=\"true\" class=\"wp-block-spacer\"><\/div>\n\n\n\n<figure class=\"wp-block-gallery has-nested-images columns-default is-cropped wp-block-gallery-1 is-layout-flex wp-block-gallery-is-layout-flex\">\n<figure class=\"wp-block-image size-large\"><img loading=\"lazy\" decoding=\"async\" width=\"960\" height=\"540\" data-id=\"6032\" src=\"https:\/\/atletismoviana.pt\/aavc\/wp-content\/uploads\/2025\/06\/CN-sub-18_01.jpg\" alt=\"\" class=\"wp-image-6032\" srcset=\"https:\/\/atletismoviana.pt\/aavc\/wp-content\/uploads\/2025\/06\/CN-sub-18_01.jpg 960w, https:\/\/atletismoviana.pt\/aavc\/wp-content\/uploads\/2025\/06\/CN-sub-18_01-300x169.jpg 300w, https:\/\/atletismoviana.pt\/aavc\/wp-content\/uploads\/2025\/06\/CN-sub-18_01-768x432.jpg 768w\" sizes=\"auto, (max-width: 960px) 100vw, 960px\" \/><\/figure>\n\n\n\n<figure class=\"wp-block-image size-large\"><img loading=\"lazy\" decoding=\"async\" width=\"960\" height=\"540\" data-id=\"6033\" src=\"https:\/\/atletismoviana.pt\/aavc\/wp-content\/uploads\/2025\/06\/CN-sub-18_02.jpg\" alt=\"\" class=\"wp-image-6033\" srcset=\"https:\/\/atletismoviana.pt\/aavc\/wp-content\/uploads\/2025\/06\/CN-sub-18_02.jpg 960w, https:\/\/atletismoviana.pt\/aavc\/wp-content\/uploads\/2025\/06\/CN-sub-18_02-300x169.jpg 300w, https:\/\/atletismoviana.pt\/aavc\/wp-content\/uploads\/2025\/06\/CN-sub-18_02-768x432.jpg 768w\" sizes=\"auto, (max-width: 960px) 100vw, 960px\" \/><\/figure>\n<\/figure>\n\n\n\n<div style=\"height:20px\" aria-hidden=\"true\" class=\"wp-block-spacer\"><\/div>\n\n\n\n<p style=\"font-style:normal;font-weight:300\">O Complexo Desportivo Fernando Mamede, em Beja, acolheu mais uma edi\u00e7\u00e3o do <strong>Campeonato Nacional Sub-18<\/strong>, reunindo jovens promessas do atletismo nacional num fim de semana de grandes emo\u00e7\u00f5es e excelentes marcas.<\/p>\n\n\n\n<p style=\"font-style:normal;font-weight:300\">A comitiva de Viana do Castelo, apesar de pequena deixou a sua marca, com <strong>v\u00e1rios destaques individuais<\/strong>:<\/p>\n\n\n\n<p style=\"font-style:normal;font-weight:300\"><strong>C\u00e9lia Dantas<\/strong> (ACDAV) voltou a brilhar no <strong>Lan\u00e7amento do Dardo<\/strong>, alcan\u00e7ando uma excelente medalha de prata com a marca de <strong>38.51 metros<\/strong>, refor\u00e7ando o seu recorde pessoal.<\/p>\n\n\n\n<p style=\"font-style:normal;font-weight:300\">&nbsp;<strong>Daniel Penela<\/strong> (CA Ol\u00edmpico Vianense) esteve em grande plano ao competir em duas provas:<br>\u2022 <strong>Salto em Comprimento<\/strong> \u2013 <strong>6.65 metros (5\u00b0 classificado)<\/strong><strong><br><\/strong> \u2022 <strong>110m Barreiras<\/strong> \u2013 <strong>14.77 segundos (3\u00b0 classificado)<\/strong><\/p>\n\n\n\n<p style=\"font-style:normal;font-weight:300\"><strong>Rodrigo Meira<\/strong> (GDCVC) tamb\u00e9m se destacou no <strong>Salto em Altura<\/strong>, com uma marca de <strong>1.75 metros<\/strong>, fechando como 6\u00b0 classificado.<\/p>\n\n\n\n<div style=\"height:20px\" aria-hidden=\"true\" class=\"wp-block-spacer\"><\/div>\n\n\n\n<p style=\"font-style:normal;font-weight:300\">Os resultados completos est\u00e3o dispon\u00edveis em:<a href=\"https:\/\/fpacompeticoes.pt\"> <\/a><a href=\"https:\/\/fpacompeticoes.pt\/5006\/competicao\">FPA Competi\u00e7\u00f5es<\/a><\/p>\n\n\n\n<p style=\"font-style:normal;font-weight:300\">Parab\u00e9ns a todos os atletas vianenses pelo empenho e pelas marcas alcan\u00e7adas. O futuro do nosso atletismo est\u00e1 em boas m\u00e3os.<\/p>\n\n\n\n<p style=\"font-style:normal;font-weight:300\"><strong>Pelo Atletismo, para os Atletas, com os Clubes.<\/strong><\/p>\n","protected":false},"excerpt":{"rendered":"<p>O Complexo Desportivo Fernando Mamede, em Beja, acolheu mais uma edi\u00e7\u00e3o do Campeonato Nacional Sub-18, reunindo jovens promessas do atletismo nacional num fim de semana de grandes emo\u00e7\u00f5es e excelentes marcas. A comitiva de Viana do Castelo, apesar de pequena deixou a sua marca, com v\u00e1rios destaques individuais: C\u00e9lia Dantas (ACDAV) voltou a brilhar no [&hellip;]<\/p>\n","protected":false},"author":1,"featured_media":6031,"comment_status":"closed","ping_status":"closed","sticky":false,"template":"","format":"standard","meta":{"footnotes":""},"categories":[18],"tags":[60,59,62,86,92,70],"class_list":["post-6030","post","type-post","status-publish","format-standard","has-post-thumbnail","hentry","category-noticias","tag-aavc","tag-atletismo","tag-beja","tag-campeonato-nacional","tag-sub-18","tag-viana-do-castelo"],"_links":{"self":[{"href":"https:\/\/atletismoviana.pt\/aavc\/wp-json\/wp\/v2\/posts\/6030","targetHints":{"allow":["GET"]}}],"collection":[{"href":"https:\/\/atletismoviana.pt\/aavc\/wp-json\/wp\/v2\/posts"}],"about":[{"href":"https:\/\/atletismoviana.pt\/aavc\/wp-json\/wp\/v2\/types\/post"}],"author":[{"embeddable":true,"href":"https:\/\/atletismoviana.pt\/aavc\/wp-json\/wp\/v2\/users\/1"}],"replies":[{"embeddable":true,"href":"https:\/\/atletismoviana.pt\/aavc\/wp-json\/wp\/v2\/comments?post=6030"}],"version-history":[{"count":2,"href":"https:\/\/atletismoviana.pt\/aavc\/wp-json\/wp\/v2\/posts\/6030\/revisions"}],"predecessor-version":[{"id":6035,"href":"https:\/\/atletismoviana.pt\/aavc\/wp-json\/wp\/v2\/posts\/6030\/revisions\/6035"}],"wp:featuredmedia":[{"embeddable":true,"href":"https:\/\/atletismoviana.pt\/aavc\/wp-json\/wp\/v2\/media\/6031"}],"wp:attachment":[{"href":"https:\/\/atletismoviana.pt\/aavc\/wp-json\/wp\/v2\/media?parent=6030"}],"wp:term":[{"taxonomy":"category","embeddable":true,"href":"https:\/\/atletismoviana.pt\/aavc\/wp-json\/wp\/v2\/categories?post=6030"},{"taxonomy":"post_tag","embeddable":true,"href":"https:\/\/atletismoviana.pt\/aavc\/wp-json\/wp\/v2\/tags?post=6030"}],"curies":[{"name":"wp","href":"https:\/\/api.w.org\/{rel}","templated":true}]}}