{"id":6041,"date":"2025-06-30T22:21:55","date_gmt":"2025-06-30T22:21:55","guid":{"rendered":"https:\/\/atletismoviana.pt\/aavc\/?p=6041"},"modified":"2025-06-30T22:21:58","modified_gmt":"2025-06-30T22:21:58","slug":"viii-gala-do-desporto-de-viana-do-castelo-homenagem-ao-merito-e-ao-talento-desportivo","status":"publish","type":"post","link":"https:\/\/atletismoviana.pt\/aavc\/2025\/06\/30\/viii-gala-do-desporto-de-viana-do-castelo-homenagem-ao-merito-e-ao-talento-desportivo\/","title":{"rendered":"VIII Gala do Desporto de Viana do Castelo &#8211; Homenagem ao M\u00e9rito e ao Talento Desportivo"},"content":{"rendered":"\n<figure class=\"wp-block-image size-large\"><img loading=\"lazy\" decoding=\"async\" width=\"2362\" height=\"1328\" src=\"https:\/\/atletismoviana.pt\/aavc\/wp-content\/uploads\/2025\/06\/z62_2914_1_2500_2500-edited.jpg\" alt=\"presidente CM Viana - gala dos campeoes\" class=\"wp-image-6045\" srcset=\"https:\/\/atletismoviana.pt\/aavc\/wp-content\/uploads\/2025\/06\/z62_2914_1_2500_2500-edited.jpg 2362w, https:\/\/atletismoviana.pt\/aavc\/wp-content\/uploads\/2025\/06\/z62_2914_1_2500_2500-edited-300x169.jpg 300w, https:\/\/atletismoviana.pt\/aavc\/wp-content\/uploads\/2025\/06\/z62_2914_1_2500_2500-edited-1024x576.jpg 1024w, https:\/\/atletismoviana.pt\/aavc\/wp-content\/uploads\/2025\/06\/z62_2914_1_2500_2500-edited-768x432.jpg 768w, https:\/\/atletismoviana.pt\/aavc\/wp-content\/uploads\/2025\/06\/z62_2914_1_2500_2500-edited-1536x864.jpg 1536w, https:\/\/atletismoviana.pt\/aavc\/wp-content\/uploads\/2025\/06\/z62_2914_1_2500_2500-edited-2048x1151.jpg 2048w\" sizes=\"auto, (max-width: 2362px) 100vw, 2362px\" \/><figcaption class=\"wp-element-caption\">Foto: CM Viana do Castelo<\/figcaption><\/figure>\n\n\n\n<div style=\"height:20px\" aria-hidden=\"true\" class=\"wp-block-spacer\"><\/div>\n\n\n\n<p style=\"font-style:normal;font-weight:300\">A cidade de Viana do Castelo celebrou, uma vez mais, o que de melhor se faz no desporto local com a <strong>Gala dos Campe\u00f5es<\/strong> \u2014 a <strong>VIII Gala do Desporto<\/strong>, organizada pelo Munic\u00edpio. Nesta edi\u00e7\u00e3o especial, foram distinguidos <strong>257 atletas campe\u00f5es<\/strong> das \u00e9pocas <strong>2022\/2023 e 2023\/2024<\/strong>, numa noite de reconhecimento e celebra\u00e7\u00e3o do esfor\u00e7o, dedica\u00e7\u00e3o e excel\u00eancia de todos os agentes desportivos.<\/p>\n\n\n\n<p style=\"font-style:normal;font-weight:300\">A Gala tem como miss\u00e3o distinguir atletas, clubes, treinadores e dirigentes que, pelo seu desempenho e contributo, marcaram o panorama desportivo vianense e nacional. Segundo o Vereador do Desporto, <strong>Ricardo Rego<\/strong>, \u201co n\u00famero de clubes e associa\u00e7\u00f5es desportivas aumentou cerca de 10%, sinal claro de dinamismo, envolvimento local e crescimento da base de apoio\u201d. Acrescentou ainda que foram integradas <strong>mais 6 novas modalidades<\/strong>, promovendo novos talentos e oportunidades.<\/p>\n\n\n\n<p style=\"font-style:normal;font-weight:300\">Entre os homenageados, merece um <strong>destaque muito especial<\/strong> o treinador <strong>Domingos Ferreira<\/strong>, uma refer\u00eancia do atletismo regional e nacional.<\/p>\n\n\n\n<p style=\"font-style:normal;font-weight:300\">Com uma carreira iniciada em 2001, <strong>Domingos Ferreira<\/strong> formou-se no <strong>n\u00edvel III em Lan\u00e7amentos<\/strong>, o mais alto grau de forma\u00e7\u00e3o em Portugal, e conta com um percurso impressionante:<\/p>\n\n\n\n<p style=\"font-style:normal;font-weight:300\">\ud83d\udd39 +100 atletas federados treinados<br>\ud83d\udd39 +500 p\u00f3dios regionais<br>\ud83d\udd39 15 p\u00f3dios nacionais absolutos<br>\ud83d\udd39 9 p\u00f3dios juniores<br>\ud83d\udd39 18 p\u00f3dios em iniciados e juvenis<br>\ud83d\udd39 10 p\u00f3dios coletivos no Campeonato Nacional de Clubes<br>\ud83d\udd39 4 p\u00f3dios internacionais por sele\u00e7\u00e3o<br>\ud83d\udd39 15 p\u00f3dios nacionais universit\u00e1rios<\/p>\n\n\n\n<div style=\"height:20px\" aria-hidden=\"true\" class=\"wp-block-spacer\"><\/div>\n\n\n\n<figure class=\"wp-block-gallery alignwide has-nested-images columns-default is-cropped wp-block-gallery-1 is-layout-flex wp-block-gallery-is-layout-flex\">\n<figure class=\"wp-block-image size-large\"><img loading=\"lazy\" decoding=\"async\" width=\"1024\" height=\"683\" data-id=\"6047\" src=\"https:\/\/atletismoviana.pt\/aavc\/wp-content\/uploads\/2025\/06\/z62_2841_1_2500_2500-1024x683.jpg\" alt=\"\" class=\"wp-image-6047\" srcset=\"https:\/\/atletismoviana.pt\/aavc\/wp-content\/uploads\/2025\/06\/z62_2841_1_2500_2500-1024x683.jpg 1024w, https:\/\/atletismoviana.pt\/aavc\/wp-content\/uploads\/2025\/06\/z62_2841_1_2500_2500-300x200.jpg 300w, https:\/\/atletismoviana.pt\/aavc\/wp-content\/uploads\/2025\/06\/z62_2841_1_2500_2500-768x512.jpg 768w, https:\/\/atletismoviana.pt\/aavc\/wp-content\/uploads\/2025\/06\/z62_2841_1_2500_2500-1536x1024.jpg 1536w, https:\/\/atletismoviana.pt\/aavc\/wp-content\/uploads\/2025\/06\/z62_2841_1_2500_2500-2048x1366.jpg 2048w\" sizes=\"auto, (max-width: 1024px) 100vw, 1024px\" \/><\/figure>\n\n\n\n<figure class=\"wp-block-image size-large\"><img loading=\"lazy\" decoding=\"async\" width=\"1024\" height=\"683\" data-id=\"6046\" src=\"https:\/\/atletismoviana.pt\/aavc\/wp-content\/uploads\/2025\/06\/z62_2797_1_2500_2500-1024x683.jpg\" alt=\"\" class=\"wp-image-6046\" srcset=\"https:\/\/atletismoviana.pt\/aavc\/wp-content\/uploads\/2025\/06\/z62_2797_1_2500_2500-1024x683.jpg 1024w, https:\/\/atletismoviana.pt\/aavc\/wp-content\/uploads\/2025\/06\/z62_2797_1_2500_2500-300x200.jpg 300w, https:\/\/atletismoviana.pt\/aavc\/wp-content\/uploads\/2025\/06\/z62_2797_1_2500_2500-768x512.jpg 768w, https:\/\/atletismoviana.pt\/aavc\/wp-content\/uploads\/2025\/06\/z62_2797_1_2500_2500-1536x1024.jpg 1536w, https:\/\/atletismoviana.pt\/aavc\/wp-content\/uploads\/2025\/06\/z62_2797_1_2500_2500-2048x1366.jpg 2048w\" sizes=\"auto, (max-width: 1024px) 100vw, 1024px\" \/><\/figure>\n<\/figure>\n\n\n\n<div style=\"height:20px\" aria-hidden=\"true\" class=\"wp-block-spacer\"><\/div>\n\n\n\n<p style=\"font-style:normal;font-weight:300\">Com dezenas de atletas no TOP10 nacional ao longo dos anos, <strong>o seu contributo tem sido fundamental para o desenvolvimento do atletismo no concelho<\/strong>.<\/p>\n\n\n\n<p style=\"font-style:normal;font-weight:300\">Parab\u00e9ns a todos os distinguidos e \u00e0 organiza\u00e7\u00e3o por continuar a promover e valorizar o desporto vianense. Que o exemplo destes campe\u00f5es inspire as gera\u00e7\u00f5es futuras<\/p>\n\n\n\n<p>Not\u00edcia original dispon\u00edvel em:<br><a href=\"https:\/\/www.cm-viana-castelo.pt\/areas-de-atividade\/comunicacao\/noticias\/noticia\/viii-gala-do-desporto-de-viana-do-castelo-presta-homenagem-a-257-atletas-campeoes\">https:\/\/www.cm-viana-castelo.pt\/areas-de-atividade\/comunicacao\/noticias\/noticia\/viii-gala-do-desporto-de-viana-do-castelo-presta-homenagem-a-257-atletas-campeoes<\/a> <\/p>\n","protected":false},"excerpt":{"rendered":"<p>A cidade de Viana do Castelo celebrou, uma vez mais, o que de melhor se faz no desporto local com a Gala dos Campe\u00f5es \u2014 a VIII Gala do Desporto, organizada pelo Munic\u00edpio. Nesta edi\u00e7\u00e3o especial, foram distinguidos 257 atletas campe\u00f5es das \u00e9pocas 2022\/2023 e 2023\/2024, numa noite de reconhecimento e celebra\u00e7\u00e3o do esfor\u00e7o, dedica\u00e7\u00e3o [&hellip;]<\/p>\n","protected":false},"author":1,"featured_media":6043,"comment_status":"closed","ping_status":"closed","sticky":false,"template":"","format":"standard","meta":{"footnotes":""},"categories":[18],"tags":[60,59,94,93,70],"class_list":["post-6041","post","type-post","status-publish","format-standard","has-post-thumbnail","hentry","category-noticias","tag-aavc","tag-atletismo","tag-camara-municipal-de-viana","tag-gala","tag-viana-do-castelo"],"_links":{"self":[{"href":"https:\/\/atletismoviana.pt\/aavc\/wp-json\/wp\/v2\/posts\/6041","targetHints":{"allow":["GET"]}}],"collection":[{"href":"https:\/\/atletismoviana.pt\/aavc\/wp-json\/wp\/v2\/posts"}],"about":[{"href":"https:\/\/atletismoviana.pt\/aavc\/wp-json\/wp\/v2\/types\/post"}],"author":[{"embeddable":true,"href":"https:\/\/atletismoviana.pt\/aavc\/wp-json\/wp\/v2\/users\/1"}],"replies":[{"embeddable":true,"href":"https:\/\/atletismoviana.pt\/aavc\/wp-json\/wp\/v2\/comments?post=6041"}],"version-history":[{"count":3,"href":"https:\/\/atletismoviana.pt\/aavc\/wp-json\/wp\/v2\/posts\/6041\/revisions"}],"predecessor-version":[{"id":6050,"href":"https:\/\/atletismoviana.pt\/aavc\/wp-json\/wp\/v2\/posts\/6041\/revisions\/6050"}],"wp:featuredmedia":[{"embeddable":true,"href":"https:\/\/atletismoviana.pt\/aavc\/wp-json\/wp\/v2\/media\/6043"}],"wp:attachment":[{"href":"https:\/\/atletismoviana.pt\/aavc\/wp-json\/wp\/v2\/media?parent=6041"}],"wp:term":[{"taxonomy":"category","embeddable":true,"href":"https:\/\/atletismoviana.pt\/aavc\/wp-json\/wp\/v2\/categories?post=6041"},{"taxonomy":"post_tag","embeddable":true,"href":"https:\/\/atletismoviana.pt\/aavc\/wp-json\/wp\/v2\/tags?post=6041"}],"curies":[{"name":"wp","href":"https:\/\/api.w.org\/{rel}","templated":true}]}}