{"id":6062,"date":"2025-07-06T19:56:44","date_gmt":"2025-07-06T19:56:44","guid":{"rendered":"https:\/\/atletismoviana.pt\/aavc\/?p=6062"},"modified":"2025-07-06T19:56:47","modified_gmt":"2025-07-06T19:56:47","slug":"milha-urbana-de-viana-do-castelo-em-noite-de-emocoes-e-grandes-provas","status":"publish","type":"post","link":"https:\/\/atletismoviana.pt\/aavc\/2025\/07\/06\/milha-urbana-de-viana-do-castelo-em-noite-de-emocoes-e-grandes-provas\/","title":{"rendered":"Milha Urbana de Viana do Castelo em Noite de Emo\u00e7\u00f5es e Grandes Provas"},"content":{"rendered":"\n<figure class=\"wp-block-image size-large\"><img loading=\"lazy\" decoding=\"async\" width=\"1365\" height=\"767\" src=\"https:\/\/atletismoviana.pt\/aavc\/wp-content\/uploads\/2025\/07\/web-thumbnail-Milha-Urbana-02-edited.jpg\" alt=\"\" class=\"wp-image-6065\" srcset=\"https:\/\/atletismoviana.pt\/aavc\/wp-content\/uploads\/2025\/07\/web-thumbnail-Milha-Urbana-02-edited.jpg 1365w, https:\/\/atletismoviana.pt\/aavc\/wp-content\/uploads\/2025\/07\/web-thumbnail-Milha-Urbana-02-edited-300x169.jpg 300w, https:\/\/atletismoviana.pt\/aavc\/wp-content\/uploads\/2025\/07\/web-thumbnail-Milha-Urbana-02-edited-1024x575.jpg 1024w, https:\/\/atletismoviana.pt\/aavc\/wp-content\/uploads\/2025\/07\/web-thumbnail-Milha-Urbana-02-edited-768x432.jpg 768w\" sizes=\"auto, (max-width: 1365px) 100vw, 1365px\" \/><\/figure>\n\n\n\n<div style=\"height:20px\" aria-hidden=\"true\" class=\"wp-block-spacer\"><\/div>\n\n\n\n<p style=\"font-style:normal;font-weight:300\">Ontem, a <strong>Pra\u00e7a da Rep\u00fablica<\/strong> foi palco de mais uma <strong>Milha Urbana de Viana<\/strong>, com um ambiente espectacular. Esta edi\u00e7\u00e3o teve um sabor especial, com o regresso ao hist\u00f3rico <strong>hor\u00e1rio noturno<\/strong>, relembrando os tempos em que a Milha de Viana era uma das grandes refer\u00eancias do calend\u00e1rio nacional.<\/p>\n\n\n\n<p style=\"font-style:normal;font-weight:300\"><strong>Prova Elite Masculina<\/strong><strong><br><\/strong> \ud83e\udd47 Mauro Pereira (SCP) \u2013 04:07<br>\ud83e\udd48 Bernardo Rocha (SC Salgueiros) \u2013 04:08<br>\ud83e\udd49 Gon\u00e7alo Amorim (ACPV) \u2013 04:09<\/p>\n\n\n\n<p style=\"font-style:normal;font-weight:300\">Uma prova disputada at\u00e9 ao \u00faltimo metro, com ritmo impressionante e grande esp\u00edrito competitivo.<\/p>\n\n\n\n<p style=\"font-style:normal;font-weight:300\"><strong>Prova Elite Feminina<\/strong><strong><br><\/strong> \ud83e\udd47 Maria Vinagre (SC Salgueiros) \u2013 04:53<br>\ud83e\udd48 Estela Melo (UD V\u00e1rzea) \u2013 04:59<br>\ud83e\udd49 Raquel Sampaio (UD V\u00e1rzea) \u2013 05:05<\/p>\n\n\n\n<p style=\"font-style:normal;font-weight:300\">Uma exibi\u00e7\u00e3o de classe e determina\u00e7\u00e3o por parte das atletas Portuenses.<\/p>\n\n\n\n<div style=\"height:20px\" aria-hidden=\"true\" class=\"wp-block-spacer\"><\/div>\n\n\n\n<figure class=\"wp-block-gallery has-nested-images columns-default is-cropped wp-block-gallery-1 is-layout-flex wp-block-gallery-is-layout-flex\">\n<figure class=\"wp-block-image size-large\"><img loading=\"lazy\" decoding=\"async\" width=\"960\" height=\"540\" data-id=\"6066\" src=\"https:\/\/atletismoviana.pt\/aavc\/wp-content\/uploads\/2025\/07\/Milha-Urbana-inline-01.jpg\" alt=\"\" class=\"wp-image-6066\" srcset=\"https:\/\/atletismoviana.pt\/aavc\/wp-content\/uploads\/2025\/07\/Milha-Urbana-inline-01.jpg 960w, https:\/\/atletismoviana.pt\/aavc\/wp-content\/uploads\/2025\/07\/Milha-Urbana-inline-01-300x169.jpg 300w, https:\/\/atletismoviana.pt\/aavc\/wp-content\/uploads\/2025\/07\/Milha-Urbana-inline-01-768x432.jpg 768w\" sizes=\"auto, (max-width: 960px) 100vw, 960px\" \/><\/figure>\n\n\n\n<figure class=\"wp-block-image size-large\"><img loading=\"lazy\" decoding=\"async\" width=\"960\" height=\"540\" data-id=\"6067\" src=\"https:\/\/atletismoviana.pt\/aavc\/wp-content\/uploads\/2025\/07\/Milha-Urbana-inline-02.jpg\" alt=\"\" class=\"wp-image-6067\" srcset=\"https:\/\/atletismoviana.pt\/aavc\/wp-content\/uploads\/2025\/07\/Milha-Urbana-inline-02.jpg 960w, https:\/\/atletismoviana.pt\/aavc\/wp-content\/uploads\/2025\/07\/Milha-Urbana-inline-02-300x169.jpg 300w, https:\/\/atletismoviana.pt\/aavc\/wp-content\/uploads\/2025\/07\/Milha-Urbana-inline-02-768x432.jpg 768w\" sizes=\"auto, (max-width: 960px) 100vw, 960px\" \/><\/figure>\n<\/figure>\n\n\n\n<div style=\"height:20px\" aria-hidden=\"true\" class=\"wp-block-spacer\"><\/div>\n\n\n\n<p style=\"font-style:normal;font-weight:300\">Obrigado a todos os atletas, clubes, volunt\u00e1rios e ao p\u00fablico que encheu a Pra\u00e7a da Rep\u00fablica de energia. Viana volta a afirmar-se como palco privilegiado para grandes eventos de atletismo.<\/p>\n\n\n\n<p style=\"font-style:normal;font-weight:300\"><strong>Pelo Atletismo, para os Atletas, com os Clubes.<\/strong><\/p>\n\n\n\n<p><\/p>\n","protected":false},"excerpt":{"rendered":"<p>Ontem, a Pra\u00e7a da Rep\u00fablica foi palco de mais uma Milha Urbana de Viana, com um ambiente espectacular. Esta edi\u00e7\u00e3o teve um sabor especial, com o regresso ao hist\u00f3rico hor\u00e1rio noturno, relembrando os tempos em que a Milha de Viana era uma das grandes refer\u00eancias do calend\u00e1rio nacional. Prova Elite Masculina \ud83e\udd47 Mauro Pereira (SCP) [&hellip;]<\/p>\n","protected":false},"author":1,"featured_media":6063,"comment_status":"closed","ping_status":"closed","sticky":false,"template":"","format":"standard","meta":{"footnotes":""},"categories":[18],"tags":[60,59,91,70],"class_list":["post-6062","post","type-post","status-publish","format-standard","has-post-thumbnail","hentry","category-noticias","tag-aavc","tag-atletismo","tag-milha-urbana","tag-viana-do-castelo"],"_links":{"self":[{"href":"https:\/\/atletismoviana.pt\/aavc\/wp-json\/wp\/v2\/posts\/6062","targetHints":{"allow":["GET"]}}],"collection":[{"href":"https:\/\/atletismoviana.pt\/aavc\/wp-json\/wp\/v2\/posts"}],"about":[{"href":"https:\/\/atletismoviana.pt\/aavc\/wp-json\/wp\/v2\/types\/post"}],"author":[{"embeddable":true,"href":"https:\/\/atletismoviana.pt\/aavc\/wp-json\/wp\/v2\/users\/1"}],"replies":[{"embeddable":true,"href":"https:\/\/atletismoviana.pt\/aavc\/wp-json\/wp\/v2\/comments?post=6062"}],"version-history":[{"count":1,"href":"https:\/\/atletismoviana.pt\/aavc\/wp-json\/wp\/v2\/posts\/6062\/revisions"}],"predecessor-version":[{"id":6068,"href":"https:\/\/atletismoviana.pt\/aavc\/wp-json\/wp\/v2\/posts\/6062\/revisions\/6068"}],"wp:featuredmedia":[{"embeddable":true,"href":"https:\/\/atletismoviana.pt\/aavc\/wp-json\/wp\/v2\/media\/6063"}],"wp:attachment":[{"href":"https:\/\/atletismoviana.pt\/aavc\/wp-json\/wp\/v2\/media?parent=6062"}],"wp:term":[{"taxonomy":"category","embeddable":true,"href":"https:\/\/atletismoviana.pt\/aavc\/wp-json\/wp\/v2\/categories?post=6062"},{"taxonomy":"post_tag","embeddable":true,"href":"https:\/\/atletismoviana.pt\/aavc\/wp-json\/wp\/v2\/tags?post=6062"}],"curies":[{"name":"wp","href":"https:\/\/api.w.org\/{rel}","templated":true}]}}