{"id":6070,"date":"2025-07-06T20:02:11","date_gmt":"2025-07-06T20:02:11","guid":{"rendered":"https:\/\/atletismoviana.pt\/aavc\/?p=6070"},"modified":"2025-07-06T21:36:41","modified_gmt":"2025-07-06T21:36:41","slug":"campeonato-nacional-sub-23-com-jovens-vianenses-em-destaque-em-coimbra","status":"publish","type":"post","link":"https:\/\/atletismoviana.pt\/aavc\/2025\/07\/06\/campeonato-nacional-sub-23-com-jovens-vianenses-em-destaque-em-coimbra\/","title":{"rendered":"Campeonato Nacional Sub-23 com Jovens Vianenses em Destaque em Coimbra"},"content":{"rendered":"\n<figure class=\"wp-block-image size-large\"><img loading=\"lazy\" decoding=\"async\" width=\"1365\" height=\"767\" src=\"https:\/\/atletismoviana.pt\/aavc\/wp-content\/uploads\/2025\/07\/CN-sub23-edited.jpg\" alt=\"campeonato nacional sub-23 - 100m final\" class=\"wp-image-6072\" srcset=\"https:\/\/atletismoviana.pt\/aavc\/wp-content\/uploads\/2025\/07\/CN-sub23-edited.jpg 1365w, https:\/\/atletismoviana.pt\/aavc\/wp-content\/uploads\/2025\/07\/CN-sub23-edited-300x169.jpg 300w, https:\/\/atletismoviana.pt\/aavc\/wp-content\/uploads\/2025\/07\/CN-sub23-edited-1024x575.jpg 1024w, https:\/\/atletismoviana.pt\/aavc\/wp-content\/uploads\/2025\/07\/CN-sub23-edited-768x432.jpg 768w\" sizes=\"auto, (max-width: 1365px) 100vw, 1365px\" \/><figcaption class=\"wp-element-caption\">Foto: FPAtletismo<\/figcaption><\/figure>\n\n\n\n<div style=\"height:20px\" aria-hidden=\"true\" class=\"wp-block-spacer\"><\/div>\n\n\n\n<p style=\"font-style:normal;font-weight:300\">O Est\u00e1dio Municipal de Coimbra acolheu mais uma edi\u00e7\u00e3o do Campeonato Nacional Sub-23, organizado pela Federa\u00e7\u00e3o Portuguesa de Atletismo. Estes campeonatos assumem um papel determinante no percurso dos jovens talentos do atletismo nacional, promovendo competi\u00e7\u00e3o de alto n\u00edvel e servindo de plataforma para alcan\u00e7ar marcas de qualifica\u00e7\u00e3o para os Campeonatos da Europa de Sub-20 e Sub-23.<\/p>\n\n\n\n<p style=\"font-style:normal;font-weight:300\">Os atletas vianenses mostraram-se \u00e0 altura do desafio, com v\u00e1rias presta\u00e7\u00f5es de grande n\u00edvel:<\/p>\n\n\n\n<p style=\"font-style:normal;font-weight:300\">\u25fc <strong>Afonso Concei\u00e7\u00e3o<\/strong> (CA Ol\u00edmpico Vianense) \u2013 Ainda no escal\u00e3o Sub-20, foi 5.\u00ba classificado nos <strong>400 metros<\/strong> com o excelente tempo de <strong>49.33s<\/strong>.<\/p>\n\n\n\n<p style=\"font-style:normal;font-weight:300\">\u25fc <strong>Jocimar Neto<\/strong> (CA Mazarefes) \u2013 Tamb\u00e9m 5.\u00ba classificado nos <strong>100 metros<\/strong>, com <strong>10.84s<\/strong> nas eliminat\u00f3rias e um tempo ainda mais forte de <strong>10.74s<\/strong> na final.<\/p>\n\n\n\n<p style=\"font-style:normal;font-weight:300\">\u25fc <strong>Lara Rego<\/strong> (CA Mazarefes) \u2013 Medalha de <strong>Prata no Heptatlo<\/strong>, com um total de <strong>4236 pontos<\/strong>, numa prova exigente e de grande consist\u00eancia.<\/p>\n\n\n\n<p style=\"font-style:normal;font-weight:300\">\u25fc <strong>Benedita Amorim<\/strong> (ACD Arcos de Valdevez) \u2013 No <strong>Salto com Vara<\/strong>, alcan\u00e7ou <strong>3.10 metros<\/strong>, a mesma marca da 3.\u00aa classificada, terminando em 5.\u00ba lugar ap\u00f3s crit\u00e9rios de desempate.<\/p>\n\n\n\n<p style=\"font-style:normal;font-weight:300\">\u25fc <strong>Regina Amorim<\/strong> (ACD Arcos de Valdevez) \u2013 Ainda Sub-20, foi <strong>7.\u00aa classificada no Lan\u00e7amento do Dardo<\/strong> com a marca de <strong>31.61 metros<\/strong>.<\/p>\n\n\n\n<p style=\"font-style:normal;font-weight:300\">Parab\u00e9ns a todos os atletas e treinadores envolvidos. Estes resultados s\u00e3o prova do excelente trabalho que se vem desenvolvendo em Viana do Castelo e do potencial promissor dos nossos jovens.<\/p>\n\n\n\n<p>Resultados completos dispon\u00edveis:<br><a href=\"https:\/\/fpacompeticoes.pt\/5007\/competicao\" data-type=\"link\" data-id=\"https:\/\/fpacompeticoes.pt\/5007\/competicao\">FPA Competi\u00e7\u00f5es<\/a><\/p>\n\n\n\n<p style=\"font-style:normal;font-weight:300\"><strong>Pelo Atletismo, para os Atletas, com os Clubes.<\/strong><\/p>\n\n\n\n<p><\/p>\n","protected":false},"excerpt":{"rendered":"<p>O Est\u00e1dio Municipal de Coimbra acolheu mais uma edi\u00e7\u00e3o do Campeonato Nacional Sub-23, organizado pela Federa\u00e7\u00e3o Portuguesa de Atletismo. Estes campeonatos assumem um papel determinante no percurso dos jovens talentos do atletismo nacional, promovendo competi\u00e7\u00e3o de alto n\u00edvel e servindo de plataforma para alcan\u00e7ar marcas de qualifica\u00e7\u00e3o para os Campeonatos da Europa de Sub-20 e [&hellip;]<\/p>\n","protected":false},"author":1,"featured_media":6071,"comment_status":"closed","ping_status":"closed","sticky":false,"template":"","format":"standard","meta":{"footnotes":""},"categories":[18],"tags":[60,59,86,95,96,70],"class_list":["post-6070","post","type-post","status-publish","format-standard","has-post-thumbnail","hentry","category-noticias","tag-aavc","tag-atletismo","tag-campeonato-nacional","tag-coimbra","tag-sub-23","tag-viana-do-castelo"],"_links":{"self":[{"href":"https:\/\/atletismoviana.pt\/aavc\/wp-json\/wp\/v2\/posts\/6070","targetHints":{"allow":["GET"]}}],"collection":[{"href":"https:\/\/atletismoviana.pt\/aavc\/wp-json\/wp\/v2\/posts"}],"about":[{"href":"https:\/\/atletismoviana.pt\/aavc\/wp-json\/wp\/v2\/types\/post"}],"author":[{"embeddable":true,"href":"https:\/\/atletismoviana.pt\/aavc\/wp-json\/wp\/v2\/users\/1"}],"replies":[{"embeddable":true,"href":"https:\/\/atletismoviana.pt\/aavc\/wp-json\/wp\/v2\/comments?post=6070"}],"version-history":[{"count":4,"href":"https:\/\/atletismoviana.pt\/aavc\/wp-json\/wp\/v2\/posts\/6070\/revisions"}],"predecessor-version":[{"id":6076,"href":"https:\/\/atletismoviana.pt\/aavc\/wp-json\/wp\/v2\/posts\/6070\/revisions\/6076"}],"wp:featuredmedia":[{"embeddable":true,"href":"https:\/\/atletismoviana.pt\/aavc\/wp-json\/wp\/v2\/media\/6071"}],"wp:attachment":[{"href":"https:\/\/atletismoviana.pt\/aavc\/wp-json\/wp\/v2\/media?parent=6070"}],"wp:term":[{"taxonomy":"category","embeddable":true,"href":"https:\/\/atletismoviana.pt\/aavc\/wp-json\/wp\/v2\/categories?post=6070"},{"taxonomy":"post_tag","embeddable":true,"href":"https:\/\/atletismoviana.pt\/aavc\/wp-json\/wp\/v2\/tags?post=6070"}],"curies":[{"name":"wp","href":"https:\/\/api.w.org\/{rel}","templated":true}]}}