{"id":6201,"date":"2025-07-10T21:46:53","date_gmt":"2025-07-10T21:46:53","guid":{"rendered":"https:\/\/atletismoviana.pt\/aavc\/?p=6201"},"modified":"2025-07-10T21:46:56","modified_gmt":"2025-07-10T21:46:56","slug":"campeonatos-nacionais-de-masters-2025-com-atletas-vianenses-em-destaque","status":"publish","type":"post","link":"https:\/\/atletismoviana.pt\/aavc\/2025\/07\/10\/campeonatos-nacionais-de-masters-2025-com-atletas-vianenses-em-destaque\/","title":{"rendered":"Campeonatos Nacionais de Masters 2025 com atletas Vianenses em destaque"},"content":{"rendered":"\n<figure class=\"wp-block-image size-large\"><img loading=\"lazy\" decoding=\"async\" width=\"1600\" height=\"900\" src=\"https:\/\/atletismoviana.pt\/aavc\/wp-content\/uploads\/2025\/07\/515438092_755033563696177_1002702070582331278_n-edited.jpg\" alt=\"\" class=\"wp-image-6204\" srcset=\"https:\/\/atletismoviana.pt\/aavc\/wp-content\/uploads\/2025\/07\/515438092_755033563696177_1002702070582331278_n-edited.jpg 1600w, https:\/\/atletismoviana.pt\/aavc\/wp-content\/uploads\/2025\/07\/515438092_755033563696177_1002702070582331278_n-edited-300x169.jpg 300w, https:\/\/atletismoviana.pt\/aavc\/wp-content\/uploads\/2025\/07\/515438092_755033563696177_1002702070582331278_n-edited-1024x576.jpg 1024w, https:\/\/atletismoviana.pt\/aavc\/wp-content\/uploads\/2025\/07\/515438092_755033563696177_1002702070582331278_n-edited-768x432.jpg 768w, https:\/\/atletismoviana.pt\/aavc\/wp-content\/uploads\/2025\/07\/515438092_755033563696177_1002702070582331278_n-edited-1536x864.jpg 1536w\" sizes=\"auto, (max-width: 1600px) 100vw, 1600px\" \/><figcaption class=\"wp-element-caption\">Foto: <a href=\"https:\/\/www.anavportugal.com\/\">ANAV<\/a><\/figcaption><\/figure>\n\n\n\n<div style=\"height:20px\" aria-hidden=\"true\" class=\"wp-block-spacer\"><\/div>\n\n\n\n<p style=\"font-style:normal;font-weight:300\">O passado fim de semana, 5 e 6 de julho, trouxe mais uma edi\u00e7\u00e3o dos <strong>Campeonatos Nacionais de Masters<\/strong>, realizados em Lousada, com grande protagonismo dos atletas vianenses. Com provas repletas de entrega, t\u00e9cnica e esp\u00edrito competitivo, a delega\u00e7\u00e3o de Viana do Castelo voltou a brilhar ao mais alto n\u00edvel.<\/p>\n\n\n\n<p style=\"font-style:normal;font-weight:300\">Entre os destaques, est\u00e3o os <strong>novos campe\u00f5es nacionais<\/strong> das suas categorias:<\/p>\n\n\n\n<p style=\"font-style:normal;font-weight:300\">\ud83e\udd47 <strong>S\u00e9rgio Lima<\/strong> (GJVP) \u2013 Campe\u00e3o nos <strong>110m barreiras M40<\/strong> e nos <strong>400m barreiras M40<\/strong><strong><br><\/strong>\ud83e\udd47 <strong>H\u00e9lder Coutinho<\/strong> (CAM) \u2013 Campe\u00e3o no <strong>Salto com Vara M35<\/strong><strong><br><\/strong>\ud83e\udd47 <strong>Hugo Silva<\/strong> (CAM) \u2013 Campe\u00e3o no <strong>Lan\u00e7amento do Dardo M35<\/strong><strong><br><\/strong>\ud83e\udd47 <strong>In\u00eas Fernandes<\/strong> (SCV) \u2013 Campe\u00e3 no <strong>Lan\u00e7amento do Disco M35<\/strong>, <strong>Peso M35<\/strong> e <strong>Martelo M35<\/strong><strong><br><\/strong>\ud83e\udd47 <strong>Jo\u00e3o Venade<\/strong> (ADCL) \u2013 Campe\u00e3o no <strong>Lan\u00e7amento do Martelo M35<\/strong><strong><br><\/strong>\ud83e\udd47 <strong>Leonel Rosado<\/strong> (ACDAV) \u2013 Campe\u00e3o no <strong>Triplo Salto M35<\/strong><strong><br><\/strong>\ud83e\udd47 <strong>Maria Fernandes<\/strong> (SCV) \u2013 Campe\u00e3 no <strong>Lan\u00e7amento do Peso M40<\/strong><strong><br><\/strong>\ud83e\udd47 <strong>Marlene Puga<\/strong> \u2013 Campe\u00e3 nos <strong>2000m Obst\u00e1culos M40<\/strong><\/p>\n\n\n\n<div style=\"height:20px\" aria-hidden=\"true\" class=\"wp-block-spacer\"><\/div>\n\n\n\n<p style=\"font-style:normal;font-weight:300\">Parab\u00e9ns a todos os atletas pela excel\u00eancia, resili\u00eancia e dedica\u00e7\u00e3o demonstradas \u2014 continuam a elevar o nome do atletismo vianense com garra e talento.<\/p>\n\n\n\n<p style=\"font-style:normal;font-weight:300\">Resultados completos dispon\u00edveis em:<br><a href=\"https:\/\/www.aaporto.net\/pagCompeticao.php?idComp=2335\">https:\/\/www.aaporto.net\/pagCompeticao.php?idComp=2335<\/a> <\/p>\n\n\n\n<p><strong>Pelo Atletismo, para os Atletas, com os Clubes.<\/strong><\/p>\n","protected":false},"excerpt":{"rendered":"<p>O passado fim de semana, 5 e 6 de julho, trouxe mais uma edi\u00e7\u00e3o dos Campeonatos Nacionais de Masters, realizados em Lousada, com grande protagonismo dos atletas vianenses. Com provas repletas de entrega, t\u00e9cnica e esp\u00edrito competitivo, a delega\u00e7\u00e3o de Viana do Castelo voltou a brilhar ao mais alto n\u00edvel. Entre os destaques, est\u00e3o os [&hellip;]<\/p>\n","protected":false},"author":1,"featured_media":6202,"comment_status":"closed","ping_status":"closed","sticky":false,"template":"","format":"standard","meta":{"footnotes":""},"categories":[18],"tags":[],"class_list":["post-6201","post","type-post","status-publish","format-standard","has-post-thumbnail","hentry","category-noticias"],"_links":{"self":[{"href":"https:\/\/atletismoviana.pt\/aavc\/wp-json\/wp\/v2\/posts\/6201","targetHints":{"allow":["GET"]}}],"collection":[{"href":"https:\/\/atletismoviana.pt\/aavc\/wp-json\/wp\/v2\/posts"}],"about":[{"href":"https:\/\/atletismoviana.pt\/aavc\/wp-json\/wp\/v2\/types\/post"}],"author":[{"embeddable":true,"href":"https:\/\/atletismoviana.pt\/aavc\/wp-json\/wp\/v2\/users\/1"}],"replies":[{"embeddable":true,"href":"https:\/\/atletismoviana.pt\/aavc\/wp-json\/wp\/v2\/comments?post=6201"}],"version-history":[{"count":2,"href":"https:\/\/atletismoviana.pt\/aavc\/wp-json\/wp\/v2\/posts\/6201\/revisions"}],"predecessor-version":[{"id":6206,"href":"https:\/\/atletismoviana.pt\/aavc\/wp-json\/wp\/v2\/posts\/6201\/revisions\/6206"}],"wp:featuredmedia":[{"embeddable":true,"href":"https:\/\/atletismoviana.pt\/aavc\/wp-json\/wp\/v2\/media\/6202"}],"wp:attachment":[{"href":"https:\/\/atletismoviana.pt\/aavc\/wp-json\/wp\/v2\/media?parent=6201"}],"wp:term":[{"taxonomy":"category","embeddable":true,"href":"https:\/\/atletismoviana.pt\/aavc\/wp-json\/wp\/v2\/categories?post=6201"},{"taxonomy":"post_tag","embeddable":true,"href":"https:\/\/atletismoviana.pt\/aavc\/wp-json\/wp\/v2\/tags?post=6201"}],"curies":[{"name":"wp","href":"https:\/\/api.w.org\/{rel}","templated":true}]}}