{"id":6207,"date":"2025-07-14T18:44:24","date_gmt":"2025-07-14T18:44:24","guid":{"rendered":"https:\/\/atletismoviana.pt\/aavc\/?p=6207"},"modified":"2025-07-14T18:45:56","modified_gmt":"2025-07-14T18:45:56","slug":"campeonato-nacional-de-clubes-com-viana-em-destaque","status":"publish","type":"post","link":"https:\/\/atletismoviana.pt\/aavc\/2025\/07\/14\/campeonato-nacional-de-clubes-com-viana-em-destaque\/","title":{"rendered":"Campeonato Nacional de Clubes com Viana em destaque"},"content":{"rendered":"\n<figure class=\"wp-block-image size-large\"><img loading=\"lazy\" decoding=\"async\" width=\"1024\" height=\"540\" src=\"https:\/\/atletismoviana.pt\/aavc\/wp-content\/uploads\/2025\/07\/AAVC-CN-clubes-02-1024x540.jpg\" alt=\"\" class=\"wp-image-6209\" srcset=\"https:\/\/atletismoviana.pt\/aavc\/wp-content\/uploads\/2025\/07\/AAVC-CN-clubes-02-1024x540.jpg 1024w, https:\/\/atletismoviana.pt\/aavc\/wp-content\/uploads\/2025\/07\/AAVC-CN-clubes-02-300x158.jpg 300w, https:\/\/atletismoviana.pt\/aavc\/wp-content\/uploads\/2025\/07\/AAVC-CN-clubes-02-768x405.jpg 768w, https:\/\/atletismoviana.pt\/aavc\/wp-content\/uploads\/2025\/07\/AAVC-CN-clubes-02.jpg 1365w\" sizes=\"auto, (max-width: 1024px) 100vw, 1024px\" \/><figcaption class=\"wp-element-caption\">Foto: FPA<\/figcaption><\/figure>\n\n\n\n<div style=\"height:20px\" aria-hidden=\"true\" class=\"wp-block-spacer\"><\/div>\n\n\n\n<p>O Campeonato Nacional de Clubes voltou a trazer emo\u00e7\u00e3o e competitividade \u00e0s pistas, com os clubes vianenses a demonstrarem mais uma vez o seu valor, tanto na <strong>2.\u00aa<\/strong> como na <strong>3.\u00aa Divis\u00e3o Nacional<\/strong>.<\/p>\n\n\n\n<p><strong>Nos Masculinos<\/strong>, grande destaque para o <strong>Ol\u00edmpico Vianense<\/strong>, que <strong>venceu a 3.\u00aa Divis\u00e3o<\/strong> com <strong>122 pontos<\/strong>, garantindo assim a <strong>subida \u00e0 2.\u00aa Divis\u00e3o<\/strong> na pr\u00f3xima \u00e9poca!<br>Tamb\u00e9m em excelente plano, o <strong>CA Mazarefes<\/strong> ficou em <strong>5.\u00ba lugar<\/strong>, somando <strong>94 pontos<\/strong>.<\/p>\n\n\n\n<p><strong>Nos Femininos<\/strong>, o <strong>CA Mazarefes<\/strong> competiu na <strong>2\u00aa Divis\u00e3o<\/strong>, terminando em <strong>8.\u00ba lugar<\/strong>, o que dita a descida para a <strong>3\u00aa Divis\u00e3o<\/strong> na \u00e9poca seguinte.<\/p>\n\n\n\n<p>Alguns dos destaques Individuais:<\/p>\n\n\n\n<ul class=\"wp-block-list\">\n<li><strong>Alicia Merino<\/strong> (CA Mazarefes) \u2013 Vencedora dos <strong>100m barreiras<\/strong> com <strong>14.29s <\/strong>(marca que representa Recorde Regional de Viana do Castelo)<strong><br><\/strong><\/li>\n\n\n\n<li> <strong>Ussumani Djumo<\/strong> (Ol\u00edmpico Vianense) \u2013 Vencedor dos <strong>110m barreiras<\/strong> com <strong>14.36s<\/strong><strong><br><\/strong><\/li>\n\n\n\n<li> <strong>Ricardo Pedra<\/strong> (Ol\u00edmpico Vianense) \u2013 Dupla vit\u00f3ria nos <strong>800m (1:57.88)<\/strong> e <strong>1500m (3:57.66)<\/strong><strong><br><\/strong><\/li>\n\n\n\n<li> <strong>Bran Nu\u00f1ez<\/strong> (Ol\u00edmpico Vianense) \u2013 1.\u00ba lugar no <strong>Lan\u00e7amento do Martelo<\/strong> com <strong>43.74m<\/strong><strong><br><\/strong><\/li>\n\n\n\n<li> <strong>Wilson Cabral<\/strong> (Ol\u00edmpico Vianense) \u2013 Campe\u00e3o dos <strong>5000m<\/strong> com <strong>14:37.37<\/strong><strong><br><\/strong><\/li>\n\n\n\n<li> <strong>Jocimar Neto<\/strong> (CA Mazarefes) \u2013 Vencedor dos <strong>100m (10.79s)<\/strong> e do <strong>Salto em Comprimento (6.70m)<\/strong><strong><br><\/strong><\/li>\n\n\n\n<li> <strong>Tiago Azevedo<\/strong> \u2013 Campe\u00e3o do <strong>Salto com Vara<\/strong> com <strong>3.95m<\/strong><strong><br><\/strong><\/li>\n\n\n\n<li> <strong>Afonso Concei\u00e7\u00e3o<\/strong> \u2013 Vencedor dos <strong>400m<\/strong> com <strong>49.05s<\/strong><strong><br><\/strong><\/li>\n\n\n\n<li><strong>CA Mazarefes (Masculino)<\/strong> \u2013 Vit\u00f3ria na <strong>estafeta 4x400m<\/strong> com <strong>3:24.46<br><\/strong><\/li>\n<\/ul>\n\n\n\n<div style=\"height:20px\" aria-hidden=\"true\" class=\"wp-block-spacer\"><\/div>\n\n\n\n<figure class=\"wp-block-gallery has-nested-images columns-default is-cropped wp-block-gallery-1 is-layout-flex wp-block-gallery-is-layout-flex\">\n<figure class=\"wp-block-image size-large\"><img loading=\"lazy\" decoding=\"async\" width=\"720\" height=\"480\" data-id=\"6210\" src=\"https:\/\/atletismoviana.pt\/aavc\/wp-content\/uploads\/2025\/07\/CN-clubes-inline-01.jpg\" alt=\"\" class=\"wp-image-6210\" srcset=\"https:\/\/atletismoviana.pt\/aavc\/wp-content\/uploads\/2025\/07\/CN-clubes-inline-01.jpg 720w, https:\/\/atletismoviana.pt\/aavc\/wp-content\/uploads\/2025\/07\/CN-clubes-inline-01-300x200.jpg 300w\" sizes=\"auto, (max-width: 720px) 100vw, 720px\" \/><\/figure>\n\n\n\n<figure class=\"wp-block-image size-large\"><img loading=\"lazy\" decoding=\"async\" width=\"720\" height=\"480\" data-id=\"6211\" src=\"https:\/\/atletismoviana.pt\/aavc\/wp-content\/uploads\/2025\/07\/CN-clubes-inline-02.jpg\" alt=\"\" class=\"wp-image-6211\" srcset=\"https:\/\/atletismoviana.pt\/aavc\/wp-content\/uploads\/2025\/07\/CN-clubes-inline-02.jpg 720w, https:\/\/atletismoviana.pt\/aavc\/wp-content\/uploads\/2025\/07\/CN-clubes-inline-02-300x200.jpg 300w\" sizes=\"auto, (max-width: 720px) 100vw, 720px\" \/><\/figure>\n<\/figure>\n\n\n\n<div style=\"height:20px\" aria-hidden=\"true\" class=\"wp-block-spacer\"><\/div>\n\n\n\n<p>Parab\u00e9ns a todos os clubes e atletas pelo esfor\u00e7o, dedica\u00e7\u00e3o e excelentes resultados \u2014 o atletismo vianense continua a crescer e a afirmar-se em grande plano nacional.<br><br>Os resultados completos est\u00e3o dispon\u00edveis no site da FPA Competi\u00e7\u00f5es:<br><strong><a href=\"https:\/\/fpacompeticoes.pt\/5023\/competicao\">2.\u00aa Divis\u00e3o<\/a><\/strong><br><strong><a href=\"https:\/\/fpacompeticoes.pt\/5024\/competicao\">3\u00aa Divis\u00e3o<\/a><\/strong><br><br><strong>Pelo Atletismo, para os Atletas, com os Clubes.<\/strong><\/p>\n\n\n\n<p><\/p>\n","protected":false},"excerpt":{"rendered":"<p>O Campeonato Nacional de Clubes voltou a trazer emo\u00e7\u00e3o e competitividade \u00e0s pistas, com os clubes vianenses a demonstrarem mais uma vez o seu valor, tanto na 2.\u00aa como na 3.\u00aa Divis\u00e3o Nacional. Nos Masculinos, grande destaque para o Ol\u00edmpico Vianense, que venceu a 3.\u00aa Divis\u00e3o com 122 pontos, garantindo assim a subida \u00e0 2.\u00aa [&hellip;]<\/p>\n","protected":false},"author":1,"featured_media":6208,"comment_status":"closed","ping_status":"closed","sticky":false,"template":"","format":"standard","meta":{"footnotes":""},"categories":[18],"tags":[59,78,86,98,69,97,79,70],"class_list":["post-6207","post","type-post","status-publish","format-standard","has-post-thumbnail","hentry","category-noticias","tag-atletismo","tag-ca-mazarefes","tag-campeonato-nacional","tag-clubes","tag-fpatletismo","tag-leiria","tag-olimpico-vianense","tag-viana-do-castelo"],"_links":{"self":[{"href":"https:\/\/atletismoviana.pt\/aavc\/wp-json\/wp\/v2\/posts\/6207","targetHints":{"allow":["GET"]}}],"collection":[{"href":"https:\/\/atletismoviana.pt\/aavc\/wp-json\/wp\/v2\/posts"}],"about":[{"href":"https:\/\/atletismoviana.pt\/aavc\/wp-json\/wp\/v2\/types\/post"}],"author":[{"embeddable":true,"href":"https:\/\/atletismoviana.pt\/aavc\/wp-json\/wp\/v2\/users\/1"}],"replies":[{"embeddable":true,"href":"https:\/\/atletismoviana.pt\/aavc\/wp-json\/wp\/v2\/comments?post=6207"}],"version-history":[{"count":3,"href":"https:\/\/atletismoviana.pt\/aavc\/wp-json\/wp\/v2\/posts\/6207\/revisions"}],"predecessor-version":[{"id":6214,"href":"https:\/\/atletismoviana.pt\/aavc\/wp-json\/wp\/v2\/posts\/6207\/revisions\/6214"}],"wp:featuredmedia":[{"embeddable":true,"href":"https:\/\/atletismoviana.pt\/aavc\/wp-json\/wp\/v2\/media\/6208"}],"wp:attachment":[{"href":"https:\/\/atletismoviana.pt\/aavc\/wp-json\/wp\/v2\/media?parent=6207"}],"wp:term":[{"taxonomy":"category","embeddable":true,"href":"https:\/\/atletismoviana.pt\/aavc\/wp-json\/wp\/v2\/categories?post=6207"},{"taxonomy":"post_tag","embeddable":true,"href":"https:\/\/atletismoviana.pt\/aavc\/wp-json\/wp\/v2\/tags?post=6207"}],"curies":[{"name":"wp","href":"https:\/\/api.w.org\/{rel}","templated":true}]}}