{"id":6234,"date":"2025-07-21T20:52:09","date_gmt":"2025-07-21T20:52:09","guid":{"rendered":"https:\/\/atletismoviana.pt\/aavc\/?p=6234"},"modified":"2025-07-21T20:53:55","modified_gmt":"2025-07-21T20:53:55","slug":"campeonato-regional-zona-norte-sub-20-em-viana-do-castelo","status":"publish","type":"post","link":"https:\/\/atletismoviana.pt\/aavc\/2025\/07\/21\/campeonato-regional-zona-norte-sub-20-em-viana-do-castelo\/","title":{"rendered":"Campeonato Regional &#038; Zona Norte Sub-20 em Viana do Castelo"},"content":{"rendered":"\n<figure class=\"wp-block-image size-large\"><img loading=\"lazy\" decoding=\"async\" width=\"1024\" height=\"671\" src=\"https:\/\/atletismoviana.pt\/aavc\/wp-content\/uploads\/2025\/07\/AAVC-regional-sub20-Web-thumbnail-1024x671.jpg\" alt=\"\" class=\"wp-image-6236\" srcset=\"https:\/\/atletismoviana.pt\/aavc\/wp-content\/uploads\/2025\/07\/AAVC-regional-sub20-Web-thumbnail-1024x671.jpg 1024w, https:\/\/atletismoviana.pt\/aavc\/wp-content\/uploads\/2025\/07\/AAVC-regional-sub20-Web-thumbnail-300x196.jpg 300w, https:\/\/atletismoviana.pt\/aavc\/wp-content\/uploads\/2025\/07\/AAVC-regional-sub20-Web-thumbnail-768x503.jpg 768w, https:\/\/atletismoviana.pt\/aavc\/wp-content\/uploads\/2025\/07\/AAVC-regional-sub20-Web-thumbnail.jpg 1365w\" sizes=\"auto, (max-width: 1024px) 100vw, 1024px\" \/><\/figure>\n\n\n\n<div style=\"height:20px\" aria-hidden=\"true\" class=\"wp-block-spacer\"><\/div>\n\n\n\n<p>A pista Manuela Machado foi palco, no passado fim de semana, de mais uma jornada memor\u00e1vel para o atletismo jovem com a realiza\u00e7\u00e3o do Campeonato Regional e da Zona Norte Sub-20. A competi\u00e7\u00e3o foi um verdadeiro sucesso, com grande esp\u00edrito competitivo, talento em destaque e muitas emo\u00e7\u00f5es.<\/p>\n\n\n\n<div style=\"height:20px\" aria-hidden=\"true\" class=\"wp-block-spacer\"><\/div>\n\n\n\n<p>Classifica\u00e7\u00e3o Coletiva Feminina (AAVC)<\/p>\n\n\n\n<p>\ud83e\udd47 CAOV \u2013 Ol\u00edmpico Vianense | 31 pontos<\/p>\n\n\n\n<p>\ud83e\udd48 GJVP \u2013 Grupo Juvenil de Vila de Punhe | 22 pontos<\/p>\n\n\n\n<p>\ud83e\udd49 GDC-VC \u2013 Grupo Desportivo Castelense | 21 pontos<\/p>\n\n\n\n<div style=\"height:20px\" aria-hidden=\"true\" class=\"wp-block-spacer\"><\/div>\n\n\n\n<p>Classifica\u00e7\u00e3o Coletiva Masculina (AAVC)<\/p>\n\n\n\n<p>\ud83e\udd47 GDC-VC \u2013 Grupo Desportivo Castelense | 37 pontos<\/p>\n\n\n\n<p>\ud83e\udd48ACDAV \u2013 Academia de Valdevez | 37 pontos<\/p>\n\n\n\n<p>\ud83e\udd49 CAM-VC \u2013 Clube Atletismo Mazarefes | 35 pontos<\/p>\n\n\n\n<div style=\"height:20px\" aria-hidden=\"true\" class=\"wp-block-spacer\"><\/div>\n\n\n\n<p>Parab\u00e9ns a todos os clubes, treinadores e atletas envolvidos! O futuro do atletismo est\u00e1 em \u00f3timas m\u00e3os.<\/p>\n\n\n\n<p>Resultados completos dispon\u00edveis em:<br><a href=\"https:\/\/fpacompeticoes.pt\/5053\/competicao\">https:\/\/fpacompeticoes.pt\/5053\/competicao<\/a> <\/p>\n\n\n\n<div style=\"height:20px\" aria-hidden=\"true\" class=\"wp-block-spacer\"><\/div>\n\n\n\n<p><strong>Pelo Atletismo, para os Atletas, com os Clubes.<\/strong><\/p>\n","protected":false},"excerpt":{"rendered":"<p>A pista Manuela Machado foi palco, no passado fim de semana, de mais uma jornada memor\u00e1vel para o atletismo jovem com a realiza\u00e7\u00e3o do Campeonato Regional e da Zona Norte Sub-20. A competi\u00e7\u00e3o foi um verdadeiro sucesso, com grande esp\u00edrito competitivo, talento em destaque e muitas emo\u00e7\u00f5es. Classifica\u00e7\u00e3o Coletiva Feminina (AAVC) \ud83e\udd47 CAOV \u2013 Ol\u00edmpico [&hellip;]<\/p>\n","protected":false},"author":1,"featured_media":6240,"comment_status":"closed","ping_status":"closed","sticky":false,"template":"","format":"standard","meta":{"footnotes":""},"categories":[18],"tags":[60,59,80,70],"class_list":["post-6234","post","type-post","status-publish","format-standard","has-post-thumbnail","hentry","category-noticias","tag-aavc","tag-atletismo","tag-campeonato-regional-absoluto","tag-viana-do-castelo"],"_links":{"self":[{"href":"https:\/\/atletismoviana.pt\/aavc\/wp-json\/wp\/v2\/posts\/6234","targetHints":{"allow":["GET"]}}],"collection":[{"href":"https:\/\/atletismoviana.pt\/aavc\/wp-json\/wp\/v2\/posts"}],"about":[{"href":"https:\/\/atletismoviana.pt\/aavc\/wp-json\/wp\/v2\/types\/post"}],"author":[{"embeddable":true,"href":"https:\/\/atletismoviana.pt\/aavc\/wp-json\/wp\/v2\/users\/1"}],"replies":[{"embeddable":true,"href":"https:\/\/atletismoviana.pt\/aavc\/wp-json\/wp\/v2\/comments?post=6234"}],"version-history":[{"count":3,"href":"https:\/\/atletismoviana.pt\/aavc\/wp-json\/wp\/v2\/posts\/6234\/revisions"}],"predecessor-version":[{"id":6239,"href":"https:\/\/atletismoviana.pt\/aavc\/wp-json\/wp\/v2\/posts\/6234\/revisions\/6239"}],"wp:featuredmedia":[{"embeddable":true,"href":"https:\/\/atletismoviana.pt\/aavc\/wp-json\/wp\/v2\/media\/6240"}],"wp:attachment":[{"href":"https:\/\/atletismoviana.pt\/aavc\/wp-json\/wp\/v2\/media?parent=6234"}],"wp:term":[{"taxonomy":"category","embeddable":true,"href":"https:\/\/atletismoviana.pt\/aavc\/wp-json\/wp\/v2\/categories?post=6234"},{"taxonomy":"post_tag","embeddable":true,"href":"https:\/\/atletismoviana.pt\/aavc\/wp-json\/wp\/v2\/tags?post=6234"}],"curies":[{"name":"wp","href":"https:\/\/api.w.org\/{rel}","templated":true}]}}