{"id":6241,"date":"2025-07-21T21:31:19","date_gmt":"2025-07-21T21:31:19","guid":{"rendered":"https:\/\/atletismoviana.pt\/aavc\/?p=6241"},"modified":"2025-07-21T21:31:21","modified_gmt":"2025-07-21T21:31:21","slug":"jornada-de-lancamentos-vi-em-lovelhe-no-dia-23-de-julho","status":"publish","type":"post","link":"https:\/\/atletismoviana.pt\/aavc\/2025\/07\/21\/jornada-de-lancamentos-vi-em-lovelhe-no-dia-23-de-julho\/","title":{"rendered":"Jornada de Lan\u00e7amentos VI em Lovelhe no dia 23 de Julho"},"content":{"rendered":"\n<div style=\"height:20px\" aria-hidden=\"true\" class=\"wp-block-spacer\"><\/div>\n\n\n\n<p class=\"has-medium-font-size\">O Centro Municipal de Atletismo de Vila Nova de Cerveira volta a receber esta semana mais uma jornada dedicada \u00e0s provas de lan\u00e7amentos, refor\u00e7ando o seu papel como palco de excel\u00eancia para o desenvolvimento da disciplina em Portugal.<\/p>\n\n\n\n<figure class=\"wp-block-image size-large\"><img loading=\"lazy\" decoding=\"async\" width=\"1024\" height=\"576\" src=\"https:\/\/atletismoviana.pt\/aavc\/wp-content\/uploads\/2025\/07\/lovelhe_-1-1024x576.jpg\" alt=\"\" class=\"wp-image-6251\" srcset=\"https:\/\/atletismoviana.pt\/aavc\/wp-content\/uploads\/2025\/07\/lovelhe_-1-1024x576.jpg 1024w, https:\/\/atletismoviana.pt\/aavc\/wp-content\/uploads\/2025\/07\/lovelhe_-1-300x169.jpg 300w, https:\/\/atletismoviana.pt\/aavc\/wp-content\/uploads\/2025\/07\/lovelhe_-1-768x432.jpg 768w, https:\/\/atletismoviana.pt\/aavc\/wp-content\/uploads\/2025\/07\/lovelhe_-1-1536x864.jpg 1536w, https:\/\/atletismoviana.pt\/aavc\/wp-content\/uploads\/2025\/07\/lovelhe_-1-2048x1152.jpg 2048w\" sizes=\"auto, (max-width: 1024px) 100vw, 1024px\" \/><\/figure>\n\n\n\n<p>A poucos dias do evento, a Federa\u00e7\u00e3o Portuguesa de Atletismo realizou uma visita t\u00e9cnica \u00e0s instala\u00e7\u00f5es, numa comitiva que contou com o Presidente da FPA, Domingos Castro, o Presidente da C\u00e2mara Municipal, Rui Teixeira, e o treinador e respons\u00e1vel pelo Centro, Jorge Rodrigues. Esta visita sublinhou a import\u00e2ncia estrat\u00e9gica do espa\u00e7o para o futuro do atletismo nacional e, claro, para os atletas da regi\u00e3o.&nbsp;<\/p>\n\n\n\n<figure class=\"wp-block-gallery has-nested-images columns-default is-cropped wp-block-gallery-1 is-layout-flex wp-block-gallery-is-layout-flex\">\n<figure class=\"wp-block-image size-large\"><img loading=\"lazy\" decoding=\"async\" width=\"1024\" height=\"769\" data-id=\"6253\" src=\"https:\/\/atletismoviana.pt\/aavc\/wp-content\/uploads\/2025\/07\/Jornada-de-lancamentos-lovelhe-1-1024x769.jpeg\" alt=\"\" class=\"wp-image-6253\" srcset=\"https:\/\/atletismoviana.pt\/aavc\/wp-content\/uploads\/2025\/07\/Jornada-de-lancamentos-lovelhe-1-1024x769.jpeg 1024w, https:\/\/atletismoviana.pt\/aavc\/wp-content\/uploads\/2025\/07\/Jornada-de-lancamentos-lovelhe-1-300x225.jpeg 300w, https:\/\/atletismoviana.pt\/aavc\/wp-content\/uploads\/2025\/07\/Jornada-de-lancamentos-lovelhe-1-768x577.jpeg 768w, https:\/\/atletismoviana.pt\/aavc\/wp-content\/uploads\/2025\/07\/Jornada-de-lancamentos-lovelhe-1.jpeg 1200w\" sizes=\"auto, (max-width: 1024px) 100vw, 1024px\" \/><figcaption class=\"wp-element-caption\">Foto: FPA<\/figcaption><\/figure>\n\n\n\n<figure class=\"wp-block-image size-large\"><img loading=\"lazy\" decoding=\"async\" width=\"1024\" height=\"768\" data-id=\"6254\" src=\"https:\/\/atletismoviana.pt\/aavc\/wp-content\/uploads\/2025\/07\/Lovelhe-FPA-1-1024x768.jpeg\" alt=\"\" class=\"wp-image-6254\" srcset=\"https:\/\/atletismoviana.pt\/aavc\/wp-content\/uploads\/2025\/07\/Lovelhe-FPA-1-1024x768.jpeg 1024w, https:\/\/atletismoviana.pt\/aavc\/wp-content\/uploads\/2025\/07\/Lovelhe-FPA-1-300x225.jpeg 300w, https:\/\/atletismoviana.pt\/aavc\/wp-content\/uploads\/2025\/07\/Lovelhe-FPA-1-768x576.jpeg 768w, https:\/\/atletismoviana.pt\/aavc\/wp-content\/uploads\/2025\/07\/Lovelhe-FPA-1.jpeg 1200w\" sizes=\"auto, (max-width: 1024px) 100vw, 1024px\" \/><figcaption class=\"wp-element-caption\">Foto: FPA<\/figcaption><\/figure>\n<\/figure>\n\n\n\n<p>Com condi\u00e7\u00f5es de topo e atletas cada vez mais fortes, tudo aponta para mais uma jornada de grande n\u00edvel.<\/p>\n\n\n\n<div style=\"height:20px\" aria-hidden=\"true\" class=\"wp-block-spacer\"><\/div>\n\n\n\n<p>\ud83d\udcc5 Hor\u00e1rios e resultados dispon\u00edveis em:<br><a href=\"https:\/\/fpacompeticoes.pt\/5028\/competicao\">https:\/\/fpacompeticoes.pt\/5028\/competicao<\/a>&nbsp;<\/p>\n\n\n\n<div style=\"height:20px\" aria-hidden=\"true\" class=\"wp-block-spacer\"><\/div>\n\n\n\n<p class=\"has-medium-font-size\"><strong>Pelo Atletismo, para os Atletas, com os Clubes.<\/strong><\/p>\n\n\n\n<p><\/p>\n","protected":false},"excerpt":{"rendered":"<p>O Centro Municipal de Atletismo de Vila Nova de Cerveira volta a receber esta semana mais uma jornada dedicada \u00e0s provas de lan\u00e7amentos, refor\u00e7ando o seu papel como palco de excel\u00eancia para o desenvolvimento da disciplina em Portugal. A poucos dias do evento, a Federa\u00e7\u00e3o Portuguesa de Atletismo realizou uma visita t\u00e9cnica \u00e0s instala\u00e7\u00f5es, numa [&hellip;]<\/p>\n","protected":false},"author":1,"featured_media":6242,"comment_status":"closed","ping_status":"closed","sticky":false,"template":"","format":"standard","meta":{"footnotes":""},"categories":[18],"tags":[60,59,69,90,70],"class_list":["post-6241","post","type-post","status-publish","format-standard","has-post-thumbnail","hentry","category-noticias","tag-aavc","tag-atletismo","tag-fpatletismo","tag-lovelhe","tag-viana-do-castelo"],"_links":{"self":[{"href":"https:\/\/atletismoviana.pt\/aavc\/wp-json\/wp\/v2\/posts\/6241","targetHints":{"allow":["GET"]}}],"collection":[{"href":"https:\/\/atletismoviana.pt\/aavc\/wp-json\/wp\/v2\/posts"}],"about":[{"href":"https:\/\/atletismoviana.pt\/aavc\/wp-json\/wp\/v2\/types\/post"}],"author":[{"embeddable":true,"href":"https:\/\/atletismoviana.pt\/aavc\/wp-json\/wp\/v2\/users\/1"}],"replies":[{"embeddable":true,"href":"https:\/\/atletismoviana.pt\/aavc\/wp-json\/wp\/v2\/comments?post=6241"}],"version-history":[{"count":7,"href":"https:\/\/atletismoviana.pt\/aavc\/wp-json\/wp\/v2\/posts\/6241\/revisions"}],"predecessor-version":[{"id":6258,"href":"https:\/\/atletismoviana.pt\/aavc\/wp-json\/wp\/v2\/posts\/6241\/revisions\/6258"}],"wp:featuredmedia":[{"embeddable":true,"href":"https:\/\/atletismoviana.pt\/aavc\/wp-json\/wp\/v2\/media\/6242"}],"wp:attachment":[{"href":"https:\/\/atletismoviana.pt\/aavc\/wp-json\/wp\/v2\/media?parent=6241"}],"wp:term":[{"taxonomy":"category","embeddable":true,"href":"https:\/\/atletismoviana.pt\/aavc\/wp-json\/wp\/v2\/categories?post=6241"},{"taxonomy":"post_tag","embeddable":true,"href":"https:\/\/atletismoviana.pt\/aavc\/wp-json\/wp\/v2\/tags?post=6241"}],"curies":[{"name":"wp","href":"https:\/\/api.w.org\/{rel}","templated":true}]}}