{"id":6259,"date":"2025-07-21T21:59:18","date_gmt":"2025-07-21T21:59:18","guid":{"rendered":"https:\/\/atletismoviana.pt\/aavc\/?p=6259"},"modified":"2025-07-22T09:10:13","modified_gmt":"2025-07-22T09:10:13","slug":"circuito-de-trail-chega-ao-fim-com-emocao-em-santo-antao","status":"publish","type":"post","link":"https:\/\/atletismoviana.pt\/aavc\/2025\/07\/21\/circuito-de-trail-chega-ao-fim-com-emocao-em-santo-antao\/","title":{"rendered":"Circuito de Trail chega ao fim com emo\u00e7\u00e3o em Santo Ant\u00e3o"},"content":{"rendered":"\n<figure class=\"wp-block-image size-large\"><a href=\"https:\/\/www.facebook.com\/FOTOVILAS\"><img loading=\"lazy\" decoding=\"async\" width=\"1365\" height=\"767\" src=\"https:\/\/atletismoviana.pt\/aavc\/wp-content\/uploads\/2025\/07\/Trail-AAVC-Web-thumbnail-1-edited.jpg\" alt=\"Trail Noturno Santo Ant\u00e3o\" class=\"wp-image-6262\" srcset=\"https:\/\/atletismoviana.pt\/aavc\/wp-content\/uploads\/2025\/07\/Trail-AAVC-Web-thumbnail-1-edited.jpg 1365w, https:\/\/atletismoviana.pt\/aavc\/wp-content\/uploads\/2025\/07\/Trail-AAVC-Web-thumbnail-1-edited-300x169.jpg 300w, https:\/\/atletismoviana.pt\/aavc\/wp-content\/uploads\/2025\/07\/Trail-AAVC-Web-thumbnail-1-edited-1024x575.jpg 1024w, https:\/\/atletismoviana.pt\/aavc\/wp-content\/uploads\/2025\/07\/Trail-AAVC-Web-thumbnail-1-edited-768x432.jpg 768w\" sizes=\"auto, (max-width: 1365px) 100vw, 1365px\" \/><\/a><figcaption class=\"wp-element-caption\">Foto: FotoVILAS<\/figcaption><\/figure>\n\n\n\n<div style=\"height:20px\" aria-hidden=\"true\" class=\"wp-block-spacer\"><\/div>\n\n\n\n<p>No passado s\u00e1bado, 19 de julho, Vila Praia de \u00c2ncora foi palco do encerramento do <strong>Circuito de Trail<\/strong>, com mais uma memor\u00e1vel edi\u00e7\u00e3o do <strong>Trail Noturno de Santo Ant\u00e3o<\/strong>, organizado pelo &#8220;Desn\u00edvel Positivo&#8221;. Sob um c\u00e9u escuro e com ambiente chuvoso, atletas e caminhantes percorreram trilhos desafiantes e cheios de beleza natural.<\/p>\n\n\n\n<p><strong>Os grandes vencedores da noite foram:<\/strong><\/p>\n\n\n\n<p><strong>Masculinos:<\/strong><br><strong>\ud83d\udd39 Trail Curto (19km)<br><\/strong> \ud83e\udd47 Jorge Pinto<br>\ud83e\udd48 Rafael Teixeira<br>\ud83e\udd49 Avelino Macedo<\/p>\n\n\n\n<p><strong>\ud83d\udd39 Trail Longo (33km)<\/strong><strong><br><\/strong> \ud83e\udd47 V\u00edtor Carvalho<br>\ud83e\udd48 H\u00e9lder Franco<br>\ud83e\udd49 Nelson Belo<\/p>\n\n\n\n<p><strong>\ud83d\udd39 Ultra Trail (46km)<\/strong><strong><br><\/strong> \ud83e\udd47 Jo\u00e3o Costa<br>\ud83e\udd48 Toz\u00e9 Morais<br>\ud83e\udd49 Ivo Vasquinho<\/p>\n\n\n\n<p><strong>Caminhada (10km)<br><\/strong>Destaque para V\u00edtor Martins, que liderou o percurso.<br><br><strong>Femininos:<\/strong><br><strong>\ud83d\udd39 Trail Curto (19km)<br><\/strong>\ud83e\udd47 Paula Costa<br>\ud83e\udd48 Beatriz<br>\ud83e\udd49 Sonia Lobo<\/p>\n\n\n\n<p><strong>\ud83d\udd39 Trail Longo (33km)<br><\/strong>\ud83e\udd47 Francisca Lu\u00eds<br>\ud83e\udd48 Catarina Dantas<br>\ud83e\udd49 Judite Morte<\/p>\n\n\n\n<p><strong>\ud83d\udd39 Ultra Trail (46km)<br><\/strong>\ud83e\udd47 Mariana Martins<br>\ud83e\udd48 Andreia Noites<br>\ud83e\udd49 L\u00facia Amorim Pinheiro<\/p>\n\n\n\n<div style=\"height:20px\" aria-hidden=\"true\" class=\"wp-block-spacer\"><\/div>\n\n\n\n<p>Com esta prova, termina-se em grande mais uma edi\u00e7\u00e3o do circuito, marcada pelo esfor\u00e7o, supera\u00e7\u00e3o e paix\u00e3o pelo trail. Parab\u00e9ns a todos os participantes e at\u00e9 \u00e0 pr\u00f3xima aventura nos trilhos.<\/p>\n\n\n\n<p>Resultados completos dispon\u00edveis em:<br><a href=\"https:\/\/sinctime.com\/evento\/359\/resultados-externos\">Sinctime.com<\/a><\/p>\n\n\n\n<p><strong>Pelo Atletismo, para os Atletas, com os Clubes<\/strong><\/p>\n","protected":false},"excerpt":{"rendered":"<p>No passado s\u00e1bado, 19 de julho, Vila Praia de \u00c2ncora foi palco do encerramento do Circuito de Trail, com mais uma memor\u00e1vel edi\u00e7\u00e3o do Trail Noturno de Santo Ant\u00e3o, organizado pelo &#8220;Desn\u00edvel Positivo&#8221;. Sob um c\u00e9u escuro e com ambiente chuvoso, atletas e caminhantes percorreram trilhos desafiantes e cheios de beleza natural. Os grandes vencedores [&hellip;]<\/p>\n","protected":false},"author":1,"featured_media":6260,"comment_status":"closed","ping_status":"closed","sticky":false,"template":"","format":"standard","meta":{"footnotes":""},"categories":[18],"tags":[],"class_list":["post-6259","post","type-post","status-publish","format-standard","has-post-thumbnail","hentry","category-noticias"],"_links":{"self":[{"href":"https:\/\/atletismoviana.pt\/aavc\/wp-json\/wp\/v2\/posts\/6259","targetHints":{"allow":["GET"]}}],"collection":[{"href":"https:\/\/atletismoviana.pt\/aavc\/wp-json\/wp\/v2\/posts"}],"about":[{"href":"https:\/\/atletismoviana.pt\/aavc\/wp-json\/wp\/v2\/types\/post"}],"author":[{"embeddable":true,"href":"https:\/\/atletismoviana.pt\/aavc\/wp-json\/wp\/v2\/users\/1"}],"replies":[{"embeddable":true,"href":"https:\/\/atletismoviana.pt\/aavc\/wp-json\/wp\/v2\/comments?post=6259"}],"version-history":[{"count":5,"href":"https:\/\/atletismoviana.pt\/aavc\/wp-json\/wp\/v2\/posts\/6259\/revisions"}],"predecessor-version":[{"id":6268,"href":"https:\/\/atletismoviana.pt\/aavc\/wp-json\/wp\/v2\/posts\/6259\/revisions\/6268"}],"wp:featuredmedia":[{"embeddable":true,"href":"https:\/\/atletismoviana.pt\/aavc\/wp-json\/wp\/v2\/media\/6260"}],"wp:attachment":[{"href":"https:\/\/atletismoviana.pt\/aavc\/wp-json\/wp\/v2\/media?parent=6259"}],"wp:term":[{"taxonomy":"category","embeddable":true,"href":"https:\/\/atletismoviana.pt\/aavc\/wp-json\/wp\/v2\/categories?post=6259"},{"taxonomy":"post_tag","embeddable":true,"href":"https:\/\/atletismoviana.pt\/aavc\/wp-json\/wp\/v2\/tags?post=6259"}],"curies":[{"name":"wp","href":"https:\/\/api.w.org\/{rel}","templated":true}]}}