{"id":6477,"date":"2025-07-24T20:43:45","date_gmt":"2025-07-24T20:43:45","guid":{"rendered":"https:\/\/atletismoviana.pt\/aavc\/?p=6477"},"modified":"2025-07-24T20:47:59","modified_gmt":"2025-07-24T20:47:59","slug":"campeonato-nacional-de-corrida-em-montanha-up-and-down-chega-a-viana-do-castelo","status":"publish","type":"post","link":"https:\/\/atletismoviana.pt\/aavc\/2025\/07\/24\/campeonato-nacional-de-corrida-em-montanha-up-and-down-chega-a-viana-do-castelo\/","title":{"rendered":"Campeonato Nacional de Corrida em Montanha \u201cUp and Down\u201d chega a Viana do Castelo"},"content":{"rendered":"\n<figure class=\"wp-block-image size-large\"><img loading=\"lazy\" decoding=\"async\" width=\"1365\" height=\"767\" src=\"https:\/\/atletismoviana.pt\/aavc\/wp-content\/uploads\/2025\/07\/cn-montanha-updown-edited.jpg\" alt=\"\" class=\"wp-image-6480\" srcset=\"https:\/\/atletismoviana.pt\/aavc\/wp-content\/uploads\/2025\/07\/cn-montanha-updown-edited.jpg 1365w, https:\/\/atletismoviana.pt\/aavc\/wp-content\/uploads\/2025\/07\/cn-montanha-updown-edited-300x169.jpg 300w, https:\/\/atletismoviana.pt\/aavc\/wp-content\/uploads\/2025\/07\/cn-montanha-updown-edited-1024x575.jpg 1024w, https:\/\/atletismoviana.pt\/aavc\/wp-content\/uploads\/2025\/07\/cn-montanha-updown-edited-768x432.jpg 768w\" sizes=\"auto, (max-width: 1365px) 100vw, 1365px\" \/><figcaption class=\"wp-element-caption\">Foto: <a href=\"https:\/\/www.olharvianadocastelo.pt\/\">olharvianadocastelo.pt<\/a><\/figcaption><\/figure>\n\n\n\n<div style=\"height:20px\" aria-hidden=\"true\" class=\"wp-block-spacer\"><\/div>\n\n\n\n<p>Est\u00e1 quase a\u00ed uma das provas mais desafiantes e vibrantes do calend\u00e1rio nacional! No pr\u00f3ximo <strong>dia 26 de julho de 2025<\/strong>, a partir das <strong>18h30<\/strong>, Viana do Castelo recebe o <strong>Campeonato Nacional de Corrida em Montanha<\/strong>, na variante <strong>\u201cUp and Down\u201d<\/strong><\/p>\n\n\n\n<p>Organizado pelo <strong>Ol\u00edmpico Vianense<\/strong>, com o apoio da <strong>C\u00e2mara Municipal de Viana do Castelo<\/strong>, da <strong>Associa\u00e7\u00e3o de Atletismo de Viana do Castelo<\/strong> e da <strong>Federa\u00e7\u00e3o Portuguesa de Atletismo<\/strong>, este ser\u00e1 um verdadeiro teste \u00e0 for\u00e7a, t\u00e9cnica e capacidade de supera\u00e7\u00e3o dos melhores atletas nacionais da especialidade.<\/p>\n\n\n\n<div style=\"height:20px\" aria-hidden=\"true\" class=\"wp-block-spacer\"><\/div>\n\n\n\n<p><br>Hor\u00e1rio da competi\u00e7\u00e3o:<\/p>\n\n\n\n<p>18h30 \u2013 Sub-20 (Juniores) Masculinos \u2013 6Km<\/p>\n\n\n\n<p>18h30 \u2013 Seniores Femininos \u2013 12Km<\/p>\n\n\n\n<p>18h30 \u2013 Veteranas Femininos \u2013 12Km<\/p>\n\n\n\n<p>18h30 \u2013 Seniores Masculinos \u2013 12Km<\/p>\n\n\n\n<p>18h30 \u2013 Veteranos Masculinos \u2013 12Km<\/p>\n\n\n\n<p>18h30 \u2013 Sub-20 (Juniores) Femininos \u2013 6Km<\/p>\n\n\n\n<div style=\"height:20px\" aria-hidden=\"true\" class=\"wp-block-spacer\"><\/div>\n\n\n\n<p>Mais informa\u00e7\u00f5es no site da FPA Competi\u00e7\u00f5es<br><a href=\"https:\/\/fpacompeticoes.pt\/5008\/competicao\">https:\/\/fpacompeticoes.pt\/5008\/competicao<\/a> <\/p>\n\n\n\n<p><\/p>\n","protected":false},"excerpt":{"rendered":"<p>Est\u00e1 quase a\u00ed uma das provas mais desafiantes e vibrantes do calend\u00e1rio nacional! No pr\u00f3ximo dia 26 de julho de 2025, a partir das 18h30, Viana do Castelo recebe o Campeonato Nacional de Corrida em Montanha, na variante \u201cUp and Down\u201d Organizado pelo Ol\u00edmpico Vianense, com o apoio da C\u00e2mara Municipal de Viana do Castelo, [&hellip;]<\/p>\n","protected":false},"author":1,"featured_media":6479,"comment_status":"closed","ping_status":"closed","sticky":false,"template":"","format":"standard","meta":{"footnotes":""},"categories":[18],"tags":[],"class_list":["post-6477","post","type-post","status-publish","format-standard","has-post-thumbnail","hentry","category-noticias"],"_links":{"self":[{"href":"https:\/\/atletismoviana.pt\/aavc\/wp-json\/wp\/v2\/posts\/6477","targetHints":{"allow":["GET"]}}],"collection":[{"href":"https:\/\/atletismoviana.pt\/aavc\/wp-json\/wp\/v2\/posts"}],"about":[{"href":"https:\/\/atletismoviana.pt\/aavc\/wp-json\/wp\/v2\/types\/post"}],"author":[{"embeddable":true,"href":"https:\/\/atletismoviana.pt\/aavc\/wp-json\/wp\/v2\/users\/1"}],"replies":[{"embeddable":true,"href":"https:\/\/atletismoviana.pt\/aavc\/wp-json\/wp\/v2\/comments?post=6477"}],"version-history":[{"count":5,"href":"https:\/\/atletismoviana.pt\/aavc\/wp-json\/wp\/v2\/posts\/6477\/revisions"}],"predecessor-version":[{"id":6484,"href":"https:\/\/atletismoviana.pt\/aavc\/wp-json\/wp\/v2\/posts\/6477\/revisions\/6484"}],"wp:featuredmedia":[{"embeddable":true,"href":"https:\/\/atletismoviana.pt\/aavc\/wp-json\/wp\/v2\/media\/6479"}],"wp:attachment":[{"href":"https:\/\/atletismoviana.pt\/aavc\/wp-json\/wp\/v2\/media?parent=6477"}],"wp:term":[{"taxonomy":"category","embeddable":true,"href":"https:\/\/atletismoviana.pt\/aavc\/wp-json\/wp\/v2\/categories?post=6477"},{"taxonomy":"post_tag","embeddable":true,"href":"https:\/\/atletismoviana.pt\/aavc\/wp-json\/wp\/v2\/tags?post=6477"}],"curies":[{"name":"wp","href":"https:\/\/api.w.org\/{rel}","templated":true}]}}