{"id":6775,"date":"2025-08-02T10:31:03","date_gmt":"2025-08-02T10:31:03","guid":{"rendered":"https:\/\/atletismoviana.pt\/aavc\/?p=6775"},"modified":"2025-08-02T10:43:03","modified_gmt":"2025-08-02T10:43:03","slug":"vianenses-convocados-para-os-mundiais-de-corrida-em-montanha-e-trail","status":"publish","type":"post","link":"https:\/\/atletismoviana.pt\/aavc\/2025\/08\/02\/vianenses-convocados-para-os-mundiais-de-corrida-em-montanha-e-trail\/","title":{"rendered":"Vianenses convocados para os Mundiais de Corrida em Montanha e Trail"},"content":{"rendered":"\n<figure class=\"wp-block-image size-large\"><img loading=\"lazy\" decoding=\"async\" width=\"1365\" height=\"767\" src=\"https:\/\/atletismoviana.pt\/aavc\/wp-content\/uploads\/2025\/08\/AAVC-Montanhatrail-Web-thumbnail-edited.jpg\" alt=\"Montanha e Trail\" class=\"wp-image-6777\" srcset=\"https:\/\/atletismoviana.pt\/aavc\/wp-content\/uploads\/2025\/08\/AAVC-Montanhatrail-Web-thumbnail-edited.jpg 1365w, https:\/\/atletismoviana.pt\/aavc\/wp-content\/uploads\/2025\/08\/AAVC-Montanhatrail-Web-thumbnail-edited-300x169.jpg 300w, https:\/\/atletismoviana.pt\/aavc\/wp-content\/uploads\/2025\/08\/AAVC-Montanhatrail-Web-thumbnail-edited-1024x575.jpg 1024w, https:\/\/atletismoviana.pt\/aavc\/wp-content\/uploads\/2025\/08\/AAVC-Montanhatrail-Web-thumbnail-edited-768x432.jpg 768w\" sizes=\"auto, (max-width: 1365px) 100vw, 1365px\" \/><figcaption class=\"wp-element-caption\">Foto: <a href=\"https:\/\/canfrancpirineos2025wmtrc.com\/\">WMTRC<\/a><\/figcaption><\/figure>\n\n\n\n<div style=\"height:20px\" aria-hidden=\"true\" class=\"wp-block-spacer\"><\/div>\n\n\n\n<p>De <strong>25 a 28 de setembro de 2025<\/strong>, <strong>Canfranc<\/strong>, nos majestosos <strong>Pirin\u00e9us espanh\u00f3is<\/strong>, ser\u00e1 palco da <strong>edi\u00e7\u00e3o inaugural dos Campeonatos Mundiais de Corrida em Montanha e Trail Running<\/strong> &#8211; e <strong>Viana do Castelo vai estar representada ao mais alto n\u00edvel<\/strong>.<\/p>\n\n\n\n<p>Entre os atletas convocados para vestir as cores de Portugal est\u00e3o os vianenses <strong>Jos\u00e9 Cunha<\/strong> (CA Arcos de Valdevez) e <strong>Carla Pereira<\/strong> (individual), prontos para enfrentar os trilhos mais duros do planeta com garra e orgulho nacional.<\/p>\n\n\n\n<p>A sele\u00e7\u00e3o ser\u00e1 liderada por <strong>Pedro Pinto<\/strong>, com os t\u00e9cnicos <strong>Ricardo Esteves<\/strong> e <strong>Armando Jorge Teixeira<\/strong>, apoiados por uma equipa m\u00e9dica experiente.<\/p>\n\n\n\n<div style=\"height:20px\" aria-hidden=\"true\" class=\"wp-block-spacer\"><\/div>\n\n\n\n<p>Parab\u00e9ns aos convocados.<br>Pelo Atletismo, para os Atletas, com os Clubes.<\/p>\n","protected":false},"excerpt":{"rendered":"<p>De 25 a 28 de setembro de 2025, Canfranc, nos majestosos Pirin\u00e9us espanh\u00f3is, ser\u00e1 palco da edi\u00e7\u00e3o inaugural dos Campeonatos Mundiais de Corrida em Montanha e Trail Running &#8211; e Viana do Castelo vai estar representada ao mais alto n\u00edvel. Entre os atletas convocados para vestir as cores de Portugal est\u00e3o os vianenses Jos\u00e9 Cunha [&hellip;]<\/p>\n","protected":false},"author":1,"featured_media":6776,"comment_status":"closed","ping_status":"closed","sticky":false,"template":"","format":"standard","meta":{"footnotes":""},"categories":[18],"tags":[60,59,99,69,100,75,70],"class_list":["post-6775","post","type-post","status-publish","format-standard","has-post-thumbnail","hentry","category-noticias","tag-aavc","tag-atletismo","tag-campeonato-mundial","tag-fpatletismo","tag-montanha","tag-trail","tag-viana-do-castelo"],"_links":{"self":[{"href":"https:\/\/atletismoviana.pt\/aavc\/wp-json\/wp\/v2\/posts\/6775","targetHints":{"allow":["GET"]}}],"collection":[{"href":"https:\/\/atletismoviana.pt\/aavc\/wp-json\/wp\/v2\/posts"}],"about":[{"href":"https:\/\/atletismoviana.pt\/aavc\/wp-json\/wp\/v2\/types\/post"}],"author":[{"embeddable":true,"href":"https:\/\/atletismoviana.pt\/aavc\/wp-json\/wp\/v2\/users\/1"}],"replies":[{"embeddable":true,"href":"https:\/\/atletismoviana.pt\/aavc\/wp-json\/wp\/v2\/comments?post=6775"}],"version-history":[{"count":2,"href":"https:\/\/atletismoviana.pt\/aavc\/wp-json\/wp\/v2\/posts\/6775\/revisions"}],"predecessor-version":[{"id":6784,"href":"https:\/\/atletismoviana.pt\/aavc\/wp-json\/wp\/v2\/posts\/6775\/revisions\/6784"}],"wp:featuredmedia":[{"embeddable":true,"href":"https:\/\/atletismoviana.pt\/aavc\/wp-json\/wp\/v2\/media\/6776"}],"wp:attachment":[{"href":"https:\/\/atletismoviana.pt\/aavc\/wp-json\/wp\/v2\/media?parent=6775"}],"wp:term":[{"taxonomy":"category","embeddable":true,"href":"https:\/\/atletismoviana.pt\/aavc\/wp-json\/wp\/v2\/categories?post=6775"},{"taxonomy":"post_tag","embeddable":true,"href":"https:\/\/atletismoviana.pt\/aavc\/wp-json\/wp\/v2\/tags?post=6775"}],"curies":[{"name":"wp","href":"https:\/\/api.w.org\/{rel}","templated":true}]}}