{"id":6779,"date":"2025-08-02T10:42:21","date_gmt":"2025-08-02T10:42:21","guid":{"rendered":"https:\/\/atletismoviana.pt\/aavc\/?p=6779"},"modified":"2025-08-02T20:19:34","modified_gmt":"2025-08-02T20:19:34","slug":"correr-fontao-desporto-comunidade-e-solidariedade","status":"publish","type":"post","link":"https:\/\/atletismoviana.pt\/aavc\/2025\/08\/02\/correr-fontao-desporto-comunidade-e-solidariedade\/","title":{"rendered":"Correr Font\u00e3o: Desporto, Comunidade e Solidariedade"},"content":{"rendered":"\n<figure class=\"wp-block-image size-large\"><img loading=\"lazy\" decoding=\"async\" width=\"724\" height=\"1024\" src=\"https:\/\/atletismoviana.pt\/aavc\/wp-content\/uploads\/2025\/08\/20250802_cartaz_cf-724x1024.jpg\" alt=\"\" class=\"wp-image-6781\" srcset=\"https:\/\/atletismoviana.pt\/aavc\/wp-content\/uploads\/2025\/08\/20250802_cartaz_cf-724x1024.jpg 724w, https:\/\/atletismoviana.pt\/aavc\/wp-content\/uploads\/2025\/08\/20250802_cartaz_cf-212x300.jpg 212w, https:\/\/atletismoviana.pt\/aavc\/wp-content\/uploads\/2025\/08\/20250802_cartaz_cf-768x1086.jpg 768w, https:\/\/atletismoviana.pt\/aavc\/wp-content\/uploads\/2025\/08\/20250802_cartaz_cf-1086x1536.jpg 1086w, https:\/\/atletismoviana.pt\/aavc\/wp-content\/uploads\/2025\/08\/20250802_cartaz_cf-1448x2048.jpg 1448w, https:\/\/atletismoviana.pt\/aavc\/wp-content\/uploads\/2025\/08\/20250802_cartaz_cf-scaled.jpg 1810w\" sizes=\"auto, (max-width: 724px) 100vw, 724px\" \/><\/figure>\n\n\n\n<div style=\"height:20px\" aria-hidden=\"true\" class=\"wp-block-spacer\"><\/div>\n\n\n\n<div style=\"height:20px\" aria-hidden=\"true\" class=\"wp-block-spacer\"><\/div>\n\n\n\n<p>Integrada nas comemora\u00e7\u00f5es do <strong>Dia da Freguesia de Font\u00e3o<\/strong>, a prova <strong>Correr Font\u00e3o<\/strong> une o esp\u00edrito competitivo ao ambiente festivo da comunidade local. Uma iniciativa desenvolvida em parceria entre a <strong>Junta de Freguesia de Font\u00e3o<\/strong> e a <strong>Associa\u00e7\u00e3o Minho e Lima Trail<\/strong>, que promove o atletismo jovem e o envolvimento c\u00edvico. A prova reuniu atletas de v\u00e1rios escal\u00f5es e clubes da regi\u00e3o &#8211; tudo com um prop\u00f3sito solid\u00e1rio: apoiar a <strong>Liga Portuguesa Contra o Cancro<\/strong>.<\/p>\n\n\n\n<div style=\"height:20px\" aria-hidden=\"true\" class=\"wp-block-spacer\"><\/div>\n\n\n\n<p><strong>Destaques Masculinos<\/strong><\/p>\n\n\n\n<p><strong>H\u00e9lio Gomes<\/strong>, presidente da AAVC, foi o grande vencedor da prova e tamb\u00e9m do escal\u00e3o <strong>M40<\/strong>, com um excelente tempo de <strong>25:02<\/strong>.<br><strong>Xavier Videira<\/strong> (Cyclones) foi segundo no geral e venceu nos <strong>Sub-23<\/strong> com <strong>28:14<\/strong>.<br><strong>Camilo Rocha<\/strong> garantiu o terceiro lugar da geral, sendo o melhor <strong>S\u00e9nior<\/strong> com <strong>29:08<\/strong>.<br><strong>Fernando Grilo<\/strong> (GJ Vila de Punhe), 4.\u00ba no geral, venceu o escal\u00e3o <strong>M45<\/strong> com <strong>29:26<\/strong>.<br><strong>Manuel Bessa<\/strong> (Ev Peraltafil), 5.\u00ba no geral, dominou o escal\u00e3o <strong>M50<\/strong> com <strong>29:28<\/strong>.<\/p>\n\n\n\n<p><strong>Destaques Femininos:<\/strong><\/p>\n\n\n\n<p><strong>Sara Ribeiro<\/strong> (ProP\u00f3dio) venceu no setor feminino com o tempo de <strong>34:12<\/strong>.<br><strong>Marlene Puga<\/strong> (GJ Vila de Punhe) foi segunda na geral e vencedora da <strong>F40<\/strong> com <strong>35:11<\/strong>.<br><strong>Lu\u00edsa Azevedo<\/strong> brilhou nas <strong>Sub-23<\/strong>, fechando o p\u00f3dio feminino com <strong>35:45<\/strong>.<br><strong>Fernanda Verde<\/strong> (Escolinha Nem o C\u00e9u \u00e9 o Limite), 6.\u00aa no geral e 1.\u00aa <strong>F45<\/strong>, com <strong>39:20<\/strong>.<br><strong>Cristina Iglesias<\/strong>, 7.\u00aa no geral feminino e vencedora da <strong>F50<\/strong>, com <strong>39:43<\/strong>.<\/p>\n\n\n\n<div style=\"height:20px\" aria-hidden=\"true\" class=\"wp-block-spacer\"><\/div>\n\n\n\n<p>Um enorme parab\u00e9ns a todos os participantes e organizadores por mais uma edi\u00e7\u00e3o cheia de energia.<br><strong>Pelo Atletismo, para os Atletas, com os Clubes.<\/strong><\/p>\n","protected":false},"excerpt":{"rendered":"<p>Integrada nas comemora\u00e7\u00f5es do Dia da Freguesia de Font\u00e3o, a prova Correr Font\u00e3o une o esp\u00edrito competitivo ao ambiente festivo da comunidade local. Uma iniciativa desenvolvida em parceria entre a Junta de Freguesia de Font\u00e3o e a Associa\u00e7\u00e3o Minho e Lima Trail, que promove o atletismo jovem e o envolvimento c\u00edvico. A prova reuniu atletas [&hellip;]<\/p>\n","protected":false},"author":1,"featured_media":6780,"comment_status":"closed","ping_status":"closed","sticky":false,"template":"","format":"standard","meta":{"footnotes":""},"categories":[18],"tags":[60,59,70],"class_list":["post-6779","post","type-post","status-publish","format-standard","has-post-thumbnail","hentry","category-noticias","tag-aavc","tag-atletismo","tag-viana-do-castelo"],"_links":{"self":[{"href":"https:\/\/atletismoviana.pt\/aavc\/wp-json\/wp\/v2\/posts\/6779","targetHints":{"allow":["GET"]}}],"collection":[{"href":"https:\/\/atletismoviana.pt\/aavc\/wp-json\/wp\/v2\/posts"}],"about":[{"href":"https:\/\/atletismoviana.pt\/aavc\/wp-json\/wp\/v2\/types\/post"}],"author":[{"embeddable":true,"href":"https:\/\/atletismoviana.pt\/aavc\/wp-json\/wp\/v2\/users\/1"}],"replies":[{"embeddable":true,"href":"https:\/\/atletismoviana.pt\/aavc\/wp-json\/wp\/v2\/comments?post=6779"}],"version-history":[{"count":3,"href":"https:\/\/atletismoviana.pt\/aavc\/wp-json\/wp\/v2\/posts\/6779\/revisions"}],"predecessor-version":[{"id":6786,"href":"https:\/\/atletismoviana.pt\/aavc\/wp-json\/wp\/v2\/posts\/6779\/revisions\/6786"}],"wp:featuredmedia":[{"embeddable":true,"href":"https:\/\/atletismoviana.pt\/aavc\/wp-json\/wp\/v2\/media\/6780"}],"wp:attachment":[{"href":"https:\/\/atletismoviana.pt\/aavc\/wp-json\/wp\/v2\/media?parent=6779"}],"wp:term":[{"taxonomy":"category","embeddable":true,"href":"https:\/\/atletismoviana.pt\/aavc\/wp-json\/wp\/v2\/categories?post=6779"},{"taxonomy":"post_tag","embeddable":true,"href":"https:\/\/atletismoviana.pt\/aavc\/wp-json\/wp\/v2\/tags?post=6779"}],"curies":[{"name":"wp","href":"https:\/\/api.w.org\/{rel}","templated":true}]}}