{"id":6796,"date":"2025-08-04T12:19:30","date_gmt":"2025-08-04T12:19:30","guid":{"rendered":"https:\/\/atletismoviana.pt\/aavc\/?p=6796"},"modified":"2025-08-04T12:19:31","modified_gmt":"2025-08-04T12:19:31","slug":"campeonatos-de-portugal-absolutos-com-vianenses-em-destaque","status":"publish","type":"post","link":"https:\/\/atletismoviana.pt\/aavc\/2025\/08\/04\/campeonatos-de-portugal-absolutos-com-vianenses-em-destaque\/","title":{"rendered":"Campeonatos de Portugal Absolutos com Vianenses em destaque"},"content":{"rendered":"\n<figure class=\"wp-block-image size-large\"><img loading=\"lazy\" decoding=\"async\" width=\"1365\" height=\"767\" src=\"https:\/\/atletismoviana.pt\/aavc\/wp-content\/uploads\/2025\/08\/Barreiras-CP-thumbnail-edited.jpg\" alt=\"Campeonatos de Portugal\" class=\"wp-image-6798\" srcset=\"https:\/\/atletismoviana.pt\/aavc\/wp-content\/uploads\/2025\/08\/Barreiras-CP-thumbnail-edited.jpg 1365w, https:\/\/atletismoviana.pt\/aavc\/wp-content\/uploads\/2025\/08\/Barreiras-CP-thumbnail-edited-300x169.jpg 300w, https:\/\/atletismoviana.pt\/aavc\/wp-content\/uploads\/2025\/08\/Barreiras-CP-thumbnail-edited-1024x575.jpg 1024w, https:\/\/atletismoviana.pt\/aavc\/wp-content\/uploads\/2025\/08\/Barreiras-CP-thumbnail-edited-768x432.jpg 768w\" sizes=\"auto, (max-width: 1365px) 100vw, 1365px\" \/><figcaption class=\"wp-element-caption\">Fotos: FPA<\/figcaption><\/figure>\n\n\n\n<div style=\"height:20px\" aria-hidden=\"true\" class=\"wp-block-spacer\"><\/div>\n\n\n\n<p>Decorreram este fim de semana, em Braga, os <strong>Campeonatos de Portugal Absolutos<\/strong> \u2013 a prova rainha do atletismo nacional \u2013 e os atletas vianenses marcaram presen\u00e7a com <strong>resultados de excel\u00eancia<\/strong>, incluindo <strong>dois novos recordes regionais<\/strong>.<\/p>\n\n\n\n<p><strong>Ussumani Djumo<\/strong> (Ol\u00edmpico Vianense) brilhou nos <strong>110m barreiras<\/strong>, conquistando a medalha de bronze com um fant\u00e1stico tempo de <strong>13.88<\/strong>, novo <strong>recorde regional absoluto<\/strong>.<br><strong>Juliana Galv\u00e3o<\/strong> (ACDAV) tamb\u00e9m elevou o nome da regi\u00e3o ao estabelecer um novo <strong>recorde regional nos 10.000m Marcha<\/strong>, com o tempo de <strong>50:46.97<\/strong>, garantindo a <strong>4.\u00aa posi\u00e7\u00e3o nacional<\/strong>.<\/p>\n\n\n\n<div style=\"height:20px\" aria-hidden=\"true\" class=\"wp-block-spacer\"><\/div>\n\n\n\n<p>Outros destaques:<\/p>\n\n\n\n<p><strong>Celina Peneda<\/strong> (ACDAV) conquistou a <strong>prata no Heptatlo<\/strong>, somando <strong>5080 pontos<\/strong><br><strong>Ricardo Pedra<\/strong> (CAOV) foi <strong>4.\u00ba classificado nos 1500m<\/strong>, com <strong>03:58.71<\/strong><br><strong>Martina Gutierrez<\/strong> (CAOV) saltou <strong>1,58m<\/strong>, alcan\u00e7ando o <strong>6.\u00ba lugar no Salto em Altura<\/strong>.<br>A <strong>estafeta masculina 4x100m do CAM Mazarefes<\/strong> conquistou a medalha de <strong>bronze<\/strong> com um tempo de <strong>43.26<\/strong>.<br><strong>R\u00e9mi Lima<\/strong> (CAM-VC) foi <strong>7.\u00ba no Lan\u00e7amento do Disco<\/strong>, com <strong>43.09m<\/strong>.<br><strong>Lara Rego<\/strong> (CAM-VC) terminou os <strong>200m<\/strong> na <strong>8.\u00aa posi\u00e7\u00e3o<\/strong>, com um tempo de <strong>25.28<\/strong>.<br><strong>Alexandra Lence<\/strong> (CAOV) ficou <strong>4.\u00aa no Salto com Vara<\/strong>, com <strong>3,25m<\/strong>.<\/p>\n\n\n\n<div style=\"height:20px\" aria-hidden=\"true\" class=\"wp-block-spacer\"><\/div>\n\n\n\n<figure class=\"wp-block-gallery has-nested-images columns-default is-cropped wp-block-gallery-1 is-layout-flex wp-block-gallery-is-layout-flex\">\n<figure class=\"wp-block-image size-large\"><img loading=\"lazy\" decoding=\"async\" width=\"1024\" height=\"671\" data-id=\"6799\" src=\"https:\/\/atletismoviana.pt\/aavc\/wp-content\/uploads\/2025\/08\/200m-CP-thumbnail-1024x671.jpg\" alt=\"\" class=\"wp-image-6799\" srcset=\"https:\/\/atletismoviana.pt\/aavc\/wp-content\/uploads\/2025\/08\/200m-CP-thumbnail-1024x671.jpg 1024w, https:\/\/atletismoviana.pt\/aavc\/wp-content\/uploads\/2025\/08\/200m-CP-thumbnail-300x196.jpg 300w, https:\/\/atletismoviana.pt\/aavc\/wp-content\/uploads\/2025\/08\/200m-CP-thumbnail-768x503.jpg 768w, https:\/\/atletismoviana.pt\/aavc\/wp-content\/uploads\/2025\/08\/200m-CP-thumbnail.jpg 1365w\" sizes=\"auto, (max-width: 1024px) 100vw, 1024px\" \/><\/figure>\n\n\n\n<figure class=\"wp-block-image size-large\"><img loading=\"lazy\" decoding=\"async\" width=\"1024\" height=\"671\" data-id=\"6800\" src=\"https:\/\/atletismoviana.pt\/aavc\/wp-content\/uploads\/2025\/08\/altura-CP-thumbnail-1024x671.jpg\" alt=\"\" class=\"wp-image-6800\" srcset=\"https:\/\/atletismoviana.pt\/aavc\/wp-content\/uploads\/2025\/08\/altura-CP-thumbnail-1024x671.jpg 1024w, https:\/\/atletismoviana.pt\/aavc\/wp-content\/uploads\/2025\/08\/altura-CP-thumbnail-300x196.jpg 300w, https:\/\/atletismoviana.pt\/aavc\/wp-content\/uploads\/2025\/08\/altura-CP-thumbnail-768x503.jpg 768w, https:\/\/atletismoviana.pt\/aavc\/wp-content\/uploads\/2025\/08\/altura-CP-thumbnail.jpg 1365w\" sizes=\"auto, (max-width: 1024px) 100vw, 1024px\" \/><\/figure>\n<\/figure>\n\n\n\n<div style=\"height:20px\" aria-hidden=\"true\" class=\"wp-block-spacer\"><\/div>\n\n\n\n<p>Parab\u00e9ns a todos os atletas e clubes pelo empenho e pelos resultados que elevam o nome de Viana do Castelo no panorama nacional do atletismo.<\/p>\n\n\n\n<p>Resultados completos dispon\u00edveis em:<br><a href=\"https:\/\/fpacompeticoes.pt\/5064\/competicao\">https:\/\/fpacompeticoes.pt\/5064\/competicao<\/a>&nbsp;<\/p>\n\n\n\n<p><strong>Pelo Atletismo, para os Atletas, com os Clubes.<\/strong><\/p>\n","protected":false},"excerpt":{"rendered":"<p>Decorreram este fim de semana, em Braga, os Campeonatos de Portugal Absolutos \u2013 a prova rainha do atletismo nacional \u2013 e os atletas vianenses marcaram presen\u00e7a com resultados de excel\u00eancia, incluindo dois novos recordes regionais. Ussumani Djumo (Ol\u00edmpico Vianense) brilhou nos 110m barreiras, conquistando a medalha de bronze com um fant\u00e1stico tempo de 13.88, novo [&hellip;]<\/p>\n","protected":false},"author":1,"featured_media":6797,"comment_status":"closed","ping_status":"closed","sticky":false,"template":"","format":"standard","meta":{"footnotes":""},"categories":[18],"tags":[60,59,86,101,69,70],"class_list":["post-6796","post","type-post","status-publish","format-standard","has-post-thumbnail","hentry","category-noticias","tag-aavc","tag-atletismo","tag-campeonato-nacional","tag-campeonatos-de-portugal","tag-fpatletismo","tag-viana-do-castelo"],"_links":{"self":[{"href":"https:\/\/atletismoviana.pt\/aavc\/wp-json\/wp\/v2\/posts\/6796","targetHints":{"allow":["GET"]}}],"collection":[{"href":"https:\/\/atletismoviana.pt\/aavc\/wp-json\/wp\/v2\/posts"}],"about":[{"href":"https:\/\/atletismoviana.pt\/aavc\/wp-json\/wp\/v2\/types\/post"}],"author":[{"embeddable":true,"href":"https:\/\/atletismoviana.pt\/aavc\/wp-json\/wp\/v2\/users\/1"}],"replies":[{"embeddable":true,"href":"https:\/\/atletismoviana.pt\/aavc\/wp-json\/wp\/v2\/comments?post=6796"}],"version-history":[{"count":1,"href":"https:\/\/atletismoviana.pt\/aavc\/wp-json\/wp\/v2\/posts\/6796\/revisions"}],"predecessor-version":[{"id":6801,"href":"https:\/\/atletismoviana.pt\/aavc\/wp-json\/wp\/v2\/posts\/6796\/revisions\/6801"}],"wp:featuredmedia":[{"embeddable":true,"href":"https:\/\/atletismoviana.pt\/aavc\/wp-json\/wp\/v2\/media\/6797"}],"wp:attachment":[{"href":"https:\/\/atletismoviana.pt\/aavc\/wp-json\/wp\/v2\/media?parent=6796"}],"wp:term":[{"taxonomy":"category","embeddable":true,"href":"https:\/\/atletismoviana.pt\/aavc\/wp-json\/wp\/v2\/categories?post=6796"},{"taxonomy":"post_tag","embeddable":true,"href":"https:\/\/atletismoviana.pt\/aavc\/wp-json\/wp\/v2\/tags?post=6796"}],"curies":[{"name":"wp","href":"https:\/\/api.w.org\/{rel}","templated":true}]}}