{"id":7343,"date":"2025-09-01T19:04:32","date_gmt":"2025-09-01T19:04:32","guid":{"rendered":"https:\/\/atletismoviana.pt\/aavc\/?p=7343"},"modified":"2025-09-18T14:24:57","modified_gmt":"2025-09-18T14:24:57","slug":"candidaturas-abertas-campeonato-regional-de-trail-aavc-2025-2026","status":"publish","type":"post","link":"https:\/\/atletismoviana.pt\/aavc\/2025\/09\/01\/candidaturas-abertas-campeonato-regional-de-trail-aavc-2025-2026\/","title":{"rendered":"CANDIDATURAS ABERTAS \u2013 CAMPEONATO REGIONAL DE TRAIL AAVC 2025\/2026\u00a0"},"content":{"rendered":"\n<div style=\"height:20px\" aria-hidden=\"true\" class=\"wp-block-spacer\"><\/div>\n\n\n\n<figure class=\"wp-block-image size-large\"><img loading=\"lazy\" decoding=\"async\" width=\"1024\" height=\"445\" src=\"http:\/\/atletismoviana.pt\/aavc\/wp-content\/uploads\/2025\/09\/thumbnail-web-1024x445.jpg\" alt=\"CDT 2025\/2026\" class=\"wp-image-7344\" srcset=\"https:\/\/atletismoviana.pt\/aavc\/wp-content\/uploads\/2025\/09\/thumbnail-web-1024x445.jpg 1024w, https:\/\/atletismoviana.pt\/aavc\/wp-content\/uploads\/2025\/09\/thumbnail-web-300x130.jpg 300w, https:\/\/atletismoviana.pt\/aavc\/wp-content\/uploads\/2025\/09\/thumbnail-web-768x334.jpg 768w, https:\/\/atletismoviana.pt\/aavc\/wp-content\/uploads\/2025\/09\/thumbnail-web.jpg 1472w\" sizes=\"auto, (max-width: 1024px) 100vw, 1024px\" \/><\/figure>\n\n\n\n<div style=\"height:20px\" aria-hidden=\"true\" class=\"wp-block-spacer\"><\/div>\n\n\n\n<p>A Associa\u00e7\u00e3o de Atletismo de Viana do Castelo informa que j\u00e1 se encontram abertas as candidaturas para o Campeonato Regional de Trail de Viana do Castelo, referente \u00e0 \u00e9poca 2025\/2026.<\/p>\n\n\n\n<p>As candidaturas destinam-se a clubes e organiza\u00e7\u00f5es privadas que pretendam integrar as suas provas no calend\u00e1rio oficial do CRT-VC.<\/p>\n\n\n\n<p>O processo de candidatura est\u00e1 sujeito ao cumprimento das normas e regulamentos definidos pela AAVC, dispon\u00edveis para consulta no regulamento oficial.<\/p>\n\n\n\n<div style=\"height:20px\" aria-hidden=\"true\" class=\"wp-block-spacer\"><\/div>\n\n\n\n<p>Dois destaques importantes:<\/p>\n\n\n\n<ul class=\"wp-block-list\">\n<li>CRT-VC (S\u00e9nior e Veteranos): Campeonato principal, aberto aos escal\u00f5es seniores e veteranos.<\/li>\n<\/ul>\n\n\n\n<ul class=\"wp-block-list\">\n<li>CRTJ-VC (Campeonato Regional de Trail Jovem): Competi\u00e7\u00e3o dedicada aos escal\u00f5es de forma\u00e7\u00e3o Sub-12, Sub-14, Sub-16, Sub-18 e Sub-20, com o objetivo de fomentar a pr\u00e1tica do trail junto dos mais jovens.<\/li>\n<\/ul>\n\n\n\n<div style=\"height:20px\" aria-hidden=\"true\" class=\"wp-block-spacer\"><\/div>\n\n\n\n<p>Prazo e condi\u00e7\u00f5es de candidatura:<\/p>\n\n\n\n<p>Todos os clubes e entidades interessadas devem formalizar a sua candidatura dentro do prazo estipulado, respeitando as regras espec\u00edficas de organiza\u00e7\u00e3o, seguran\u00e7a e promo\u00e7\u00e3o da modalidade.<\/p>\n\n\n\n<p>Para mais informa\u00e7\u00f5es e submiss\u00e3o de candidaturas, consulte o regulamento ou contacte a Associa\u00e7\u00e3o de Atletismo de Viana do Castelo.<\/p>\n\n\n\n<p>Regulamento:<\/p>\n\n\n\n<figure class=\"wp-block-embed is-type-wp-embed is-provider-atletismo-viana wp-block-embed-atletismo-viana\"><div class=\"wp-block-embed__wrapper\">\n<blockquote class=\"wp-embedded-content\" data-secret=\"LenPbFs8WD\"><a href=\"https:\/\/atletismoviana.pt\/aavc\/docs\/regulamento-candidatura-circuito-regional-de-trail-2025-2026\/\">Regulamento Candidatura Circuito Regional de Trail 2025-2026<\/a><\/blockquote><iframe loading=\"lazy\" class=\"wp-embedded-content\" sandbox=\"allow-scripts\" security=\"restricted\" style=\"position: absolute; visibility: hidden;\" title=\"&#8220;Regulamento Candidatura Circuito Regional de Trail 2025-2026&#8221; &#8212; Atletismo Viana \" src=\"https:\/\/atletismoviana.pt\/aavc\/docs\/regulamento-candidatura-circuito-regional-de-trail-2025-2026\/embed\/#?secret=zX6GaHjn6y#?secret=LenPbFs8WD\" data-secret=\"LenPbFs8WD\" width=\"500\" height=\"282\" frameborder=\"0\" marginwidth=\"0\" marginheight=\"0\" scrolling=\"no\"><\/iframe>\n<\/div><\/figure>\n\n\n\n<p><strong>Pelo Atletismo, para os Atletas, com os Clubes.<\/strong><\/p>\n","protected":false},"excerpt":{"rendered":"<p>A Associa\u00e7\u00e3o de Atletismo de Viana do Castelo informa que j\u00e1 se encontram abertas as candidaturas para o Campeonato Regional de Trail de Viana do Castelo, referente \u00e0 \u00e9poca 2025\/2026. As candidaturas destinam-se a clubes e organiza\u00e7\u00f5es privadas que pretendam integrar as suas provas no calend\u00e1rio oficial do CRT-VC. O processo de candidatura est\u00e1 sujeito [&hellip;]<\/p>\n","protected":false},"author":1,"featured_media":7389,"comment_status":"closed","ping_status":"closed","sticky":false,"template":"","format":"standard","meta":{"footnotes":""},"categories":[18],"tags":[],"class_list":["post-7343","post","type-post","status-publish","format-standard","has-post-thumbnail","hentry","category-noticias"],"_links":{"self":[{"href":"https:\/\/atletismoviana.pt\/aavc\/wp-json\/wp\/v2\/posts\/7343","targetHints":{"allow":["GET"]}}],"collection":[{"href":"https:\/\/atletismoviana.pt\/aavc\/wp-json\/wp\/v2\/posts"}],"about":[{"href":"https:\/\/atletismoviana.pt\/aavc\/wp-json\/wp\/v2\/types\/post"}],"author":[{"embeddable":true,"href":"https:\/\/atletismoviana.pt\/aavc\/wp-json\/wp\/v2\/users\/1"}],"replies":[{"embeddable":true,"href":"https:\/\/atletismoviana.pt\/aavc\/wp-json\/wp\/v2\/comments?post=7343"}],"version-history":[{"count":2,"href":"https:\/\/atletismoviana.pt\/aavc\/wp-json\/wp\/v2\/posts\/7343\/revisions"}],"predecessor-version":[{"id":7346,"href":"https:\/\/atletismoviana.pt\/aavc\/wp-json\/wp\/v2\/posts\/7343\/revisions\/7346"}],"wp:featuredmedia":[{"embeddable":true,"href":"https:\/\/atletismoviana.pt\/aavc\/wp-json\/wp\/v2\/media\/7389"}],"wp:attachment":[{"href":"https:\/\/atletismoviana.pt\/aavc\/wp-json\/wp\/v2\/media?parent=7343"}],"wp:term":[{"taxonomy":"category","embeddable":true,"href":"https:\/\/atletismoviana.pt\/aavc\/wp-json\/wp\/v2\/categories?post=7343"},{"taxonomy":"post_tag","embeddable":true,"href":"https:\/\/atletismoviana.pt\/aavc\/wp-json\/wp\/v2\/tags?post=7343"}],"curies":[{"name":"wp","href":"https:\/\/api.w.org\/{rel}","templated":true}]}}