{"id":7347,"date":"2025-09-04T14:55:09","date_gmt":"2025-09-04T14:55:09","guid":{"rendered":"https:\/\/atletismoviana.pt\/aavc\/?p=7347"},"modified":"2025-09-18T14:24:26","modified_gmt":"2025-09-18T14:24:26","slug":"formacao-de-treinadores-em-viana-do-castelo","status":"publish","type":"post","link":"https:\/\/atletismoviana.pt\/aavc\/2025\/09\/04\/formacao-de-treinadores-em-viana-do-castelo\/","title":{"rendered":"Forma\u00e7\u00e3o de Treinadores em Viana do Castelo"},"content":{"rendered":"\n<div style=\"height:20px\" aria-hidden=\"true\" class=\"wp-block-spacer\"><\/div>\n\n\n\n<figure class=\"wp-block-image size-large\"><img loading=\"lazy\" decoding=\"async\" width=\"1024\" height=\"256\" src=\"https:\/\/atletismoviana.pt\/aavc\/wp-content\/uploads\/2025\/09\/FPA_CpC-67d84523b6bfb-1024x256.jpg\" alt=\"\" class=\"wp-image-7348\" srcset=\"https:\/\/atletismoviana.pt\/aavc\/wp-content\/uploads\/2025\/09\/FPA_CpC-67d84523b6bfb-1024x256.jpg 1024w, https:\/\/atletismoviana.pt\/aavc\/wp-content\/uploads\/2025\/09\/FPA_CpC-67d84523b6bfb-300x75.jpg 300w, https:\/\/atletismoviana.pt\/aavc\/wp-content\/uploads\/2025\/09\/FPA_CpC-67d84523b6bfb-768x192.jpg 768w, https:\/\/atletismoviana.pt\/aavc\/wp-content\/uploads\/2025\/09\/FPA_CpC-67d84523b6bfb-1536x384.jpg 1536w, https:\/\/atletismoviana.pt\/aavc\/wp-content\/uploads\/2025\/09\/FPA_CpC-67d84523b6bfb.jpg 1920w\" sizes=\"auto, (max-width: 1024px) 100vw, 1024px\" \/><\/figure>\n\n\n\n<div style=\"height:20px\" aria-hidden=\"true\" class=\"wp-block-spacer\"><\/div>\n\n\n\n<p>A <strong>Federa\u00e7\u00e3o Portuguesa de Atletismo<\/strong> vai organizar um <strong>Curso de Treinadores de Grau I<\/strong>, uma oportunidade \u00fanica para quem deseja iniciar ou aprofundar a sua carreira no treino de atletismo.<\/p>\n\n\n\n<p>\ud83d\udcc5 <strong>Datas:<\/strong> 30 de setembro a 22 de novembro de 2025<br>\u23f1\ufe0f <strong>Carga hor\u00e1ria:<\/strong> 88 horas<br>\ud83d\udccd <strong>Local:<\/strong> Est\u00e1dio Municipal Manuela Machado, Viana do Castelo<\/p>\n\n\n\n<p>Este curso representa uma etapa fundamental na forma\u00e7\u00e3o de treinadores, proporcionando conhecimentos t\u00e9cnicos, metodol\u00f3gicos e pedag\u00f3gicos necess\u00e1rios ao enquadramento e desenvolvimento de atletas nas fases iniciais da pr\u00e1tica desportiva.<\/p>\n\n\n\n<div style=\"height:20px\" aria-hidden=\"true\" class=\"wp-block-spacer\"><\/div>\n\n\n\n<p>Inscri\u00e7\u00f5es dispon\u00edveis no site da FPA:<br><a href=\"https:\/\/portal.fpatletismo.pt\/formacoes\/curso-de-treinadores-de-atletismo-de-grau-i-viana-do-castelo\">https:\/\/portal.fpatletismo.pt\/formacoes\/curso-de-treinadores-de-atletismo-de-grau-i-viana-do-castelo<\/a> <br><br>\ud83d\udd17 Consulte o programa hor\u00e1rio <a href=\"https:\/\/atletismoviana.pt\/aavc\/docs\/curso-de-treinadores-de-atletismo-de-grau-i-viana-do-castelo\/\" data-type=\"link\" data-id=\"https:\/\/atletismoviana.pt\/aavc\/docs\/curso-de-treinadores-de-atletismo-de-grau-i-viana-do-castelo\/\">AQUI<\/a><\/p>\n\n\n\n<p><\/p>\n","protected":false},"excerpt":{"rendered":"<p>A Federa\u00e7\u00e3o Portuguesa de Atletismo vai organizar um Curso de Treinadores de Grau I, uma oportunidade \u00fanica para quem deseja iniciar ou aprofundar a sua carreira no treino de atletismo. \ud83d\udcc5 Datas: 30 de setembro a 22 de novembro de 2025\u23f1\ufe0f Carga hor\u00e1ria: 88 horas\ud83d\udccd Local: Est\u00e1dio Municipal Manuela Machado, Viana do Castelo Este curso [&hellip;]<\/p>\n","protected":false},"author":1,"featured_media":7390,"comment_status":"closed","ping_status":"closed","sticky":false,"template":"","format":"standard","meta":{"footnotes":""},"categories":[18],"tags":[],"class_list":["post-7347","post","type-post","status-publish","format-standard","has-post-thumbnail","hentry","category-noticias"],"_links":{"self":[{"href":"https:\/\/atletismoviana.pt\/aavc\/wp-json\/wp\/v2\/posts\/7347","targetHints":{"allow":["GET"]}}],"collection":[{"href":"https:\/\/atletismoviana.pt\/aavc\/wp-json\/wp\/v2\/posts"}],"about":[{"href":"https:\/\/atletismoviana.pt\/aavc\/wp-json\/wp\/v2\/types\/post"}],"author":[{"embeddable":true,"href":"https:\/\/atletismoviana.pt\/aavc\/wp-json\/wp\/v2\/users\/1"}],"replies":[{"embeddable":true,"href":"https:\/\/atletismoviana.pt\/aavc\/wp-json\/wp\/v2\/comments?post=7347"}],"version-history":[{"count":2,"href":"https:\/\/atletismoviana.pt\/aavc\/wp-json\/wp\/v2\/posts\/7347\/revisions"}],"predecessor-version":[{"id":7355,"href":"https:\/\/atletismoviana.pt\/aavc\/wp-json\/wp\/v2\/posts\/7347\/revisions\/7355"}],"wp:featuredmedia":[{"embeddable":true,"href":"https:\/\/atletismoviana.pt\/aavc\/wp-json\/wp\/v2\/media\/7390"}],"wp:attachment":[{"href":"https:\/\/atletismoviana.pt\/aavc\/wp-json\/wp\/v2\/media?parent=7347"}],"wp:term":[{"taxonomy":"category","embeddable":true,"href":"https:\/\/atletismoviana.pt\/aavc\/wp-json\/wp\/v2\/categories?post=7347"},{"taxonomy":"post_tag","embeddable":true,"href":"https:\/\/atletismoviana.pt\/aavc\/wp-json\/wp\/v2\/tags?post=7347"}],"curies":[{"name":"wp","href":"https:\/\/api.w.org\/{rel}","templated":true}]}}