{"id":7401,"date":"2025-09-23T12:26:15","date_gmt":"2025-09-23T12:26:15","guid":{"rendered":"https:\/\/atletismoviana.pt\/aavc\/?p=7401"},"modified":"2025-09-23T12:28:07","modified_gmt":"2025-09-23T12:28:07","slug":"cerimonia-de-entrega-de-premios-do-circuito-distrital-de-trail","status":"publish","type":"post","link":"https:\/\/atletismoviana.pt\/aavc\/2025\/09\/23\/cerimonia-de-entrega-de-premios-do-circuito-distrital-de-trail\/","title":{"rendered":"Cerim\u00f3nia de Entrega de Pr\u00e9mios do Circuito Distrital de Trail"},"content":{"rendered":"\n<figure class=\"wp-block-image size-large\"><img loading=\"lazy\" decoding=\"async\" width=\"1365\" height=\"767\" src=\"https:\/\/atletismoviana.pt\/aavc\/wp-content\/uploads\/2025\/09\/Milha-Viana-Web-thumbnail-edited.jpg\" alt=\"Gala CDT-VC\" class=\"wp-image-7404\" srcset=\"https:\/\/atletismoviana.pt\/aavc\/wp-content\/uploads\/2025\/09\/Milha-Viana-Web-thumbnail-edited.jpg 1365w, https:\/\/atletismoviana.pt\/aavc\/wp-content\/uploads\/2025\/09\/Milha-Viana-Web-thumbnail-edited-300x169.jpg 300w, https:\/\/atletismoviana.pt\/aavc\/wp-content\/uploads\/2025\/09\/Milha-Viana-Web-thumbnail-edited-1024x575.jpg 1024w, https:\/\/atletismoviana.pt\/aavc\/wp-content\/uploads\/2025\/09\/Milha-Viana-Web-thumbnail-edited-768x432.jpg 768w\" sizes=\"auto, (max-width: 1365px) 100vw, 1365px\" \/><\/figure>\n\n\n\n<div style=\"height:20px\" aria-hidden=\"true\" class=\"wp-block-spacer\"><\/div>\n\n\n\n<p>No passado s\u00e1bado, o <strong>Audit\u00f3rio Rio Lima, em Ponte de Lima<\/strong>, recebeu a <strong>Cerim\u00f3nia de Entrega de Pr\u00e9mios do Circuito Distrital de Trail<\/strong>. Um momento de celebra\u00e7\u00e3o, reconhecimento e partilha que destacou o esfor\u00e7o e dedica\u00e7\u00e3o dos nossos atletas ao longo de toda a \u00e9poca.<\/p>\n\n\n\n<p>Foram entregues os pr\u00e9mios aos grandes protagonistas desta edi\u00e7\u00e3o, homenageando os atletas e clubes que marcaram o circuito. Al\u00e9m disso, a cerim\u00f3nia foi tamb\u00e9m uma oportunidade para <strong>apresentar os novos planos da pr\u00f3xima \u00e9poca<\/strong>, prometendo ainda mais competitividade, dinamismo e paix\u00e3o pelo trail running.<\/p>\n\n\n\n<p>Parab\u00e9ns a todos os atletas, treinadores e clubes envolvidos. O sucesso do circuito \u00e9 reflexo do trabalho e da uni\u00e3o da nossa comunidade.<\/p>\n\n\n\n<div style=\"height:20px\" aria-hidden=\"true\" class=\"wp-block-spacer\"><\/div>\n\n\n\n<p><strong>Pelo Atletismo, para os Atletas, com os Clubes.<\/strong><\/p>\n","protected":false},"excerpt":{"rendered":"<p>No passado s\u00e1bado, o Audit\u00f3rio Rio Lima, em Ponte de Lima, recebeu a Cerim\u00f3nia de Entrega de Pr\u00e9mios do Circuito Distrital de Trail. Um momento de celebra\u00e7\u00e3o, reconhecimento e partilha que destacou o esfor\u00e7o e dedica\u00e7\u00e3o dos nossos atletas ao longo de toda a \u00e9poca. Foram entregues os pr\u00e9mios aos grandes protagonistas desta edi\u00e7\u00e3o, homenageando [&hellip;]<\/p>\n","protected":false},"author":1,"featured_media":7403,"comment_status":"closed","ping_status":"closed","sticky":false,"template":"","format":"standard","meta":{"footnotes":""},"categories":[18],"tags":[60,59,75,70],"class_list":["post-7401","post","type-post","status-publish","format-standard","has-post-thumbnail","hentry","category-noticias","tag-aavc","tag-atletismo","tag-trail","tag-viana-do-castelo"],"_links":{"self":[{"href":"https:\/\/atletismoviana.pt\/aavc\/wp-json\/wp\/v2\/posts\/7401","targetHints":{"allow":["GET"]}}],"collection":[{"href":"https:\/\/atletismoviana.pt\/aavc\/wp-json\/wp\/v2\/posts"}],"about":[{"href":"https:\/\/atletismoviana.pt\/aavc\/wp-json\/wp\/v2\/types\/post"}],"author":[{"embeddable":true,"href":"https:\/\/atletismoviana.pt\/aavc\/wp-json\/wp\/v2\/users\/1"}],"replies":[{"embeddable":true,"href":"https:\/\/atletismoviana.pt\/aavc\/wp-json\/wp\/v2\/comments?post=7401"}],"version-history":[{"count":2,"href":"https:\/\/atletismoviana.pt\/aavc\/wp-json\/wp\/v2\/posts\/7401\/revisions"}],"predecessor-version":[{"id":7407,"href":"https:\/\/atletismoviana.pt\/aavc\/wp-json\/wp\/v2\/posts\/7401\/revisions\/7407"}],"wp:featuredmedia":[{"embeddable":true,"href":"https:\/\/atletismoviana.pt\/aavc\/wp-json\/wp\/v2\/media\/7403"}],"wp:attachment":[{"href":"https:\/\/atletismoviana.pt\/aavc\/wp-json\/wp\/v2\/media?parent=7401"}],"wp:term":[{"taxonomy":"category","embeddable":true,"href":"https:\/\/atletismoviana.pt\/aavc\/wp-json\/wp\/v2\/categories?post=7401"},{"taxonomy":"post_tag","embeddable":true,"href":"https:\/\/atletismoviana.pt\/aavc\/wp-json\/wp\/v2\/tags?post=7401"}],"curies":[{"name":"wp","href":"https:\/\/api.w.org\/{rel}","templated":true}]}}