{"id":7409,"date":"2025-09-24T19:07:09","date_gmt":"2025-09-24T19:07:09","guid":{"rendered":"https:\/\/atletismoviana.pt\/aavc\/?p=7409"},"modified":"2025-09-24T19:07:39","modified_gmt":"2025-09-24T19:07:39","slug":"corta-mato-de-verdoejo-2025","status":"publish","type":"post","link":"https:\/\/atletismoviana.pt\/aavc\/2025\/09\/24\/corta-mato-de-verdoejo-2025\/","title":{"rendered":"Corta-Mato de Verdoejo 2025"},"content":{"rendered":"\n<figure class=\"wp-block-image size-large\"><img loading=\"lazy\" decoding=\"async\" width=\"1365\" height=\"767\" src=\"https:\/\/atletismoviana.pt\/aavc\/wp-content\/uploads\/2025\/09\/Web-thumbnail-1-edited.jpg\" alt=\"\" class=\"wp-image-7411\" srcset=\"https:\/\/atletismoviana.pt\/aavc\/wp-content\/uploads\/2025\/09\/Web-thumbnail-1-edited.jpg 1365w, https:\/\/atletismoviana.pt\/aavc\/wp-content\/uploads\/2025\/09\/Web-thumbnail-1-edited-300x169.jpg 300w, https:\/\/atletismoviana.pt\/aavc\/wp-content\/uploads\/2025\/09\/Web-thumbnail-1-edited-1024x575.jpg 1024w, https:\/\/atletismoviana.pt\/aavc\/wp-content\/uploads\/2025\/09\/Web-thumbnail-1-edited-768x432.jpg 768w\" sizes=\"auto, (max-width: 1365px) 100vw, 1365px\" \/><\/figure>\n\n\n\n<div style=\"height:20px\" aria-hidden=\"true\" class=\"wp-block-spacer\"><\/div>\n\n\n\n<p>A <strong>Associa\u00e7\u00e3o de Atletismo de Viana do Castelo (AAVC)<\/strong>, em colabora\u00e7\u00e3o com a <strong>Associa\u00e7\u00e3o Desportiva Verdoejense<\/strong>, tem o prazer de anunciar o <strong>Corta-Mato de Verdoejo<\/strong>, que se realiza no pr\u00f3ximo <strong>domingo, 5 de outubro de 2025<\/strong>, a partir das <strong>09h30<\/strong>, no <strong>Recinto Desportivo da Seara, em Verdoejo<\/strong>.<\/p>\n\n\n\n<p>Esta prova marca o arranque da \u00e9poca desportiva <strong>2025\/2026<\/strong> e surge como uma oportunidade de prepara\u00e7\u00e3o para atletas de todas as especialidades.<\/p>\n\n\n\n<p>A grande novidade desta edi\u00e7\u00e3o \u00e9 o <strong>formato em estafetas para todos os escal\u00f5es<\/strong>, promovendo n\u00e3o s\u00f3 o desafio competitivo, mas tamb\u00e9m o <strong>esp\u00edrito de equipa e a colabora\u00e7\u00e3o entre atletas<\/strong>.<\/p>\n\n\n\n<div style=\"height:20px\" aria-hidden=\"true\" class=\"wp-block-spacer\"><\/div>\n\n\n\n<p><strong>Data:<\/strong> Domingo, 05 de outubro de 2025<br><strong>Hora:<\/strong> 09h30<br><strong>Local:<\/strong> Recinto Desportivo da Seara, Verdoejo<\/p>\n\n\n\n<div style=\"height:20px\" aria-hidden=\"true\" class=\"wp-block-spacer\"><\/div>\n\n\n\n<p>Esta \u00e9 uma forma inovadora de dar in\u00edcio \u00e0 nova \u00e9poca, celebrando o corta-mato e a comunidade do atletismo.<br><br>As inscri\u00e7\u00f5es est\u00e3o abertas e dispon\u00edveis em:<br><a href=\"https:\/\/tally.so\/r\/3yLyQx\">https:\/\/tally.so\/r\/3yLyQx<\/a>&nbsp;<\/p>\n\n\n\n<p>O regulamento da prova est\u00e1 dispon\u00edvel no site da AAVC:<br><a href=\"https:\/\/atletismoviana.pt\/aavc\/docs\/regulamento-corta-mato-de-verdoejo\/\">https:\/\/atletismoviana.pt\/aavc\/docs\/regulamento-corta-mato-de-verdoejo\/<\/a>&nbsp;<\/p>\n","protected":false},"excerpt":{"rendered":"<p>A Associa\u00e7\u00e3o de Atletismo de Viana do Castelo (AAVC), em colabora\u00e7\u00e3o com a Associa\u00e7\u00e3o Desportiva Verdoejense, tem o prazer de anunciar o Corta-Mato de Verdoejo, que se realiza no pr\u00f3ximo domingo, 5 de outubro de 2025, a partir das 09h30, no Recinto Desportivo da Seara, em Verdoejo. Esta prova marca o arranque da \u00e9poca desportiva [&hellip;]<\/p>\n","protected":false},"author":1,"featured_media":7410,"comment_status":"closed","ping_status":"closed","sticky":false,"template":"","format":"standard","meta":{"footnotes":""},"categories":[18],"tags":[],"class_list":["post-7409","post","type-post","status-publish","format-standard","has-post-thumbnail","hentry","category-noticias"],"_links":{"self":[{"href":"https:\/\/atletismoviana.pt\/aavc\/wp-json\/wp\/v2\/posts\/7409","targetHints":{"allow":["GET"]}}],"collection":[{"href":"https:\/\/atletismoviana.pt\/aavc\/wp-json\/wp\/v2\/posts"}],"about":[{"href":"https:\/\/atletismoviana.pt\/aavc\/wp-json\/wp\/v2\/types\/post"}],"author":[{"embeddable":true,"href":"https:\/\/atletismoviana.pt\/aavc\/wp-json\/wp\/v2\/users\/1"}],"replies":[{"embeddable":true,"href":"https:\/\/atletismoviana.pt\/aavc\/wp-json\/wp\/v2\/comments?post=7409"}],"version-history":[{"count":1,"href":"https:\/\/atletismoviana.pt\/aavc\/wp-json\/wp\/v2\/posts\/7409\/revisions"}],"predecessor-version":[{"id":7412,"href":"https:\/\/atletismoviana.pt\/aavc\/wp-json\/wp\/v2\/posts\/7409\/revisions\/7412"}],"wp:featuredmedia":[{"embeddable":true,"href":"https:\/\/atletismoviana.pt\/aavc\/wp-json\/wp\/v2\/media\/7410"}],"wp:attachment":[{"href":"https:\/\/atletismoviana.pt\/aavc\/wp-json\/wp\/v2\/media?parent=7409"}],"wp:term":[{"taxonomy":"category","embeddable":true,"href":"https:\/\/atletismoviana.pt\/aavc\/wp-json\/wp\/v2\/categories?post=7409"},{"taxonomy":"post_tag","embeddable":true,"href":"https:\/\/atletismoviana.pt\/aavc\/wp-json\/wp\/v2\/tags?post=7409"}],"curies":[{"name":"wp","href":"https:\/\/api.w.org\/{rel}","templated":true}]}}