{"id":7413,"date":"2025-09-25T20:49:35","date_gmt":"2025-09-25T20:49:35","guid":{"rendered":"https:\/\/atletismoviana.pt\/aavc\/?p=7413"},"modified":"2025-09-26T14:30:35","modified_gmt":"2025-09-26T14:30:35","slug":"campeonato-do-mundo-de-montanha-e-trail-canfranc-2025","status":"publish","type":"post","link":"https:\/\/atletismoviana.pt\/aavc\/2025\/09\/25\/campeonato-do-mundo-de-montanha-e-trail-canfranc-2025\/","title":{"rendered":"Campeonato do Mundo de Montanha e Trail \u2013 Canfranc 2025\u00a0"},"content":{"rendered":"\n<figure class=\"wp-block-image size-large\"><img loading=\"lazy\" decoding=\"async\" width=\"1365\" height=\"767\" src=\"https:\/\/atletismoviana.pt\/aavc\/wp-content\/uploads\/2025\/09\/Camp-Mundo-2025-edited.jpg\" alt=\"campeonato do mundo de montanha e trail\" class=\"wp-image-7415\" srcset=\"https:\/\/atletismoviana.pt\/aavc\/wp-content\/uploads\/2025\/09\/Camp-Mundo-2025-edited.jpg 1365w, https:\/\/atletismoviana.pt\/aavc\/wp-content\/uploads\/2025\/09\/Camp-Mundo-2025-edited-300x169.jpg 300w, https:\/\/atletismoviana.pt\/aavc\/wp-content\/uploads\/2025\/09\/Camp-Mundo-2025-edited-1024x575.jpg 1024w, https:\/\/atletismoviana.pt\/aavc\/wp-content\/uploads\/2025\/09\/Camp-Mundo-2025-edited-768x432.jpg 768w\" sizes=\"auto, (max-width: 1365px) 100vw, 1365px\" \/><\/figure>\n\n\n\n<div style=\"height:20px\" aria-hidden=\"true\" class=\"wp-block-spacer\"><\/div>\n\n\n\n<p>A <strong>Associa\u00e7\u00e3o de Atletismo de Viana do Castelo<\/strong> felicita e acompanha com orgulho a participa\u00e7\u00e3o de dois atletas do distrito no <strong>Campeonato do Mundo de Montanha e Trail<\/strong>, que decorre em <strong>Canfranc (Espanha)<\/strong>.<\/p>\n\n\n\n<p><strong>Jos\u00e9 Cunha<\/strong> (CAAV) \u2013 Escal\u00e3o Sub-20<br><strong>Carla Pereira<\/strong> (Ind-VC) \u2013 Trail Longo<\/p>\n\n\n\n<p>Desejamos a ambos uma excelente competi\u00e7\u00e3o, certos de que representar\u00e3o com distin\u00e7\u00e3o a nossa regi\u00e3o e o atletismo nacional.<\/p>\n\n\n\n<div style=\"height:20px\" aria-hidden=\"true\" class=\"wp-block-spacer\"><\/div>\n\n\n\n<p>Programa-hor\u00e1rio:<\/p>\n\n\n\n<div data-wp-interactive=\"core\/file\" class=\"wp-block-file\"><object data-wp-bind--hidden=\"!state.hasPdfPreview\" hidden class=\"wp-block-file__embed\" data=\"https:\/\/atletismoviana.pt\/aavc\/wp-content\/uploads\/2025\/09\/provisional.programme.wmtrc_.2025.pdf\" type=\"application\/pdf\" style=\"width:100%;height:600px\" aria-label=\"Incorpora\u00e7\u00e3o de provisional.programme.wmtrc.2025.\"><\/object><a id=\"wp-block-file--media-6736b18a-fd8d-4b0a-8cda-dcb5c22ab312\" href=\"https:\/\/atletismoviana.pt\/aavc\/wp-content\/uploads\/2025\/09\/provisional.programme.wmtrc_.2025.pdf\">provisional.programme.wmtrc.2025<\/a><a href=\"https:\/\/atletismoviana.pt\/aavc\/wp-content\/uploads\/2025\/09\/provisional.programme.wmtrc_.2025.pdf\" class=\"wp-block-file__button wp-element-button\" download aria-describedby=\"wp-block-file--media-6736b18a-fd8d-4b0a-8cda-dcb5c22ab312\">Descarregar<\/a><\/div>\n\n\n\n<div style=\"height:20px\" aria-hidden=\"true\" class=\"wp-block-spacer\"><\/div>\n\n\n\n<p><strong>Acompanhe os resultados em direto aqui:<\/strong><strong><br><\/strong><a href=\"https:\/\/canfrancpirineos2025wmtrc.com\/live.html?fbclid=IwdGRjcANBy1FjbGNrA0HLQGV4dG4DYWVtAjExAAEep_LgIFwrongc8AVgRRlqJkPQfDpDY5tVS8lKa9YNASlOiQG63mJPmJPevbo_aem_1Xh39ZL2LP52Eyqsm-jU5g\">Resultados em tempo real<\/a><\/p>\n","protected":false},"excerpt":{"rendered":"<p>A Associa\u00e7\u00e3o de Atletismo de Viana do Castelo felicita e acompanha com orgulho a participa\u00e7\u00e3o de dois atletas do distrito no Campeonato do Mundo de Montanha e Trail, que decorre em Canfranc (Espanha). Jos\u00e9 Cunha (CAAV) \u2013 Escal\u00e3o Sub-20Carla Pereira (Ind-VC) \u2013 Trail Longo Desejamos a ambos uma excelente competi\u00e7\u00e3o, certos de que representar\u00e3o com [&hellip;]<\/p>\n","protected":false},"author":1,"featured_media":7414,"comment_status":"closed","ping_status":"closed","sticky":false,"template":"","format":"standard","meta":{"footnotes":""},"categories":[18],"tags":[60,59,103,100,75],"class_list":["post-7413","post","type-post","status-publish","format-standard","has-post-thumbnail","hentry","category-noticias","tag-aavc","tag-atletismo","tag-campeonato-do-mundo","tag-montanha","tag-trail"],"_links":{"self":[{"href":"https:\/\/atletismoviana.pt\/aavc\/wp-json\/wp\/v2\/posts\/7413","targetHints":{"allow":["GET"]}}],"collection":[{"href":"https:\/\/atletismoviana.pt\/aavc\/wp-json\/wp\/v2\/posts"}],"about":[{"href":"https:\/\/atletismoviana.pt\/aavc\/wp-json\/wp\/v2\/types\/post"}],"author":[{"embeddable":true,"href":"https:\/\/atletismoviana.pt\/aavc\/wp-json\/wp\/v2\/users\/1"}],"replies":[{"embeddable":true,"href":"https:\/\/atletismoviana.pt\/aavc\/wp-json\/wp\/v2\/comments?post=7413"}],"version-history":[{"count":2,"href":"https:\/\/atletismoviana.pt\/aavc\/wp-json\/wp\/v2\/posts\/7413\/revisions"}],"predecessor-version":[{"id":7418,"href":"https:\/\/atletismoviana.pt\/aavc\/wp-json\/wp\/v2\/posts\/7413\/revisions\/7418"}],"wp:featuredmedia":[{"embeddable":true,"href":"https:\/\/atletismoviana.pt\/aavc\/wp-json\/wp\/v2\/media\/7414"}],"wp:attachment":[{"href":"https:\/\/atletismoviana.pt\/aavc\/wp-json\/wp\/v2\/media?parent=7413"}],"wp:term":[{"taxonomy":"category","embeddable":true,"href":"https:\/\/atletismoviana.pt\/aavc\/wp-json\/wp\/v2\/categories?post=7413"},{"taxonomy":"post_tag","embeddable":true,"href":"https:\/\/atletismoviana.pt\/aavc\/wp-json\/wp\/v2\/tags?post=7413"}],"curies":[{"name":"wp","href":"https:\/\/api.w.org\/{rel}","templated":true}]}}