{"id":7482,"date":"2025-10-18T11:52:28","date_gmt":"2025-10-18T11:52:28","guid":{"rendered":"https:\/\/atletismoviana.pt\/aavc\/?p=7482"},"modified":"2025-10-18T11:52:31","modified_gmt":"2025-10-18T11:52:31","slug":"campeonato-do-mundo-de-ultra-maratona-24h-com-vianenses-em-prova","status":"publish","type":"post","link":"https:\/\/atletismoviana.pt\/aavc\/2025\/10\/18\/campeonato-do-mundo-de-ultra-maratona-24h-com-vianenses-em-prova\/","title":{"rendered":"Campeonato do Mundo de Ultra Maratona 24H com Vianenses em prova"},"content":{"rendered":"\n<figure class=\"wp-block-image size-full\"><img loading=\"lazy\" decoding=\"async\" width=\"1024\" height=\"576\" src=\"https:\/\/atletismoviana.pt\/aavc\/wp-content\/uploads\/2025\/10\/2025-IAU-24H-World-Championships-ALBI-FR-poster.jpg\" alt=\"\" class=\"wp-image-7483\" srcset=\"https:\/\/atletismoviana.pt\/aavc\/wp-content\/uploads\/2025\/10\/2025-IAU-24H-World-Championships-ALBI-FR-poster.jpg 1024w, https:\/\/atletismoviana.pt\/aavc\/wp-content\/uploads\/2025\/10\/2025-IAU-24H-World-Championships-ALBI-FR-poster-300x169.jpg 300w, https:\/\/atletismoviana.pt\/aavc\/wp-content\/uploads\/2025\/10\/2025-IAU-24H-World-Championships-ALBI-FR-poster-768x432.jpg 768w\" sizes=\"auto, (max-width: 1024px) 100vw, 1024px\" \/><\/figure>\n\n\n\n<div style=\"height:20px\" aria-hidden=\"true\" class=\"wp-block-spacer\"><\/div>\n\n\n\n<p>Come\u00e7a hoje, em <strong>Albi (Fran\u00e7a)<\/strong>, o <strong>Campeonato do Mundo de Ultra Maratona 24 Horas<\/strong>, onde os melhores atletas do planeta enfrentam o derradeiro teste de resist\u00eancia, foco e supera\u00e7\u00e3o.<\/p>\n\n\n\n<p>Entre os representantes de Portugal est\u00e3o <strong>dois atletas vianenses<\/strong> que levam o nome da regi\u00e3o ao mais alto n\u00edvel:<br><\/p>\n\n\n\n<p><strong>Paula Barbosa<\/strong> \u2013 <em>EDV<\/em><em><br><\/em><strong>V\u00edtor Cruz<\/strong> \u2013 <em>EDV<\/em><\/p>\n\n\n\n<p><br>A AAVC deseja aos nossos atletas a maior for\u00e7a e sucesso nesta jornada \u00e9pica \u2014 estamos convosco em cada quil\u00f3metro.<\/p>\n\n\n\n<p>Acompanhe os resultados em direto:<br><a href=\"https:\/\/live.breizhchrono.com\/external\/live5\/classements.jsp?reference=1384568432549-14\">https:\/\/live.breizhchrono.com\/external\/live5\/classements.jsp?reference=1384568432549-14<\/a>&nbsp;<\/p>\n\n\n\n<div style=\"height:20px\" aria-hidden=\"true\" class=\"wp-block-spacer\"><\/div>\n\n\n\n<p><strong>Pelo Atletismo, para os Atletas, com os Clubes.<\/strong><\/p>\n","protected":false},"excerpt":{"rendered":"<p>Come\u00e7a hoje, em Albi (Fran\u00e7a), o Campeonato do Mundo de Ultra Maratona 24 Horas, onde os melhores atletas do planeta enfrentam o derradeiro teste de resist\u00eancia, foco e supera\u00e7\u00e3o. Entre os representantes de Portugal est\u00e3o dois atletas vianenses que levam o nome da regi\u00e3o ao mais alto n\u00edvel: Paula Barbosa \u2013 EDVV\u00edtor Cruz \u2013 EDV [&hellip;]<\/p>\n","protected":false},"author":1,"featured_media":7483,"comment_status":"closed","ping_status":"closed","sticky":false,"template":"","format":"standard","meta":{"footnotes":""},"categories":[18],"tags":[59,70],"class_list":["post-7482","post","type-post","status-publish","format-standard","has-post-thumbnail","hentry","category-noticias","tag-atletismo","tag-viana-do-castelo"],"_links":{"self":[{"href":"https:\/\/atletismoviana.pt\/aavc\/wp-json\/wp\/v2\/posts\/7482","targetHints":{"allow":["GET"]}}],"collection":[{"href":"https:\/\/atletismoviana.pt\/aavc\/wp-json\/wp\/v2\/posts"}],"about":[{"href":"https:\/\/atletismoviana.pt\/aavc\/wp-json\/wp\/v2\/types\/post"}],"author":[{"embeddable":true,"href":"https:\/\/atletismoviana.pt\/aavc\/wp-json\/wp\/v2\/users\/1"}],"replies":[{"embeddable":true,"href":"https:\/\/atletismoviana.pt\/aavc\/wp-json\/wp\/v2\/comments?post=7482"}],"version-history":[{"count":1,"href":"https:\/\/atletismoviana.pt\/aavc\/wp-json\/wp\/v2\/posts\/7482\/revisions"}],"predecessor-version":[{"id":7484,"href":"https:\/\/atletismoviana.pt\/aavc\/wp-json\/wp\/v2\/posts\/7482\/revisions\/7484"}],"wp:featuredmedia":[{"embeddable":true,"href":"https:\/\/atletismoviana.pt\/aavc\/wp-json\/wp\/v2\/media\/7483"}],"wp:attachment":[{"href":"https:\/\/atletismoviana.pt\/aavc\/wp-json\/wp\/v2\/media?parent=7482"}],"wp:term":[{"taxonomy":"category","embeddable":true,"href":"https:\/\/atletismoviana.pt\/aavc\/wp-json\/wp\/v2\/categories?post=7482"},{"taxonomy":"post_tag","embeddable":true,"href":"https:\/\/atletismoviana.pt\/aavc\/wp-json\/wp\/v2\/tags?post=7482"}],"curies":[{"name":"wp","href":"https:\/\/api.w.org\/{rel}","templated":true}]}}