{"id":7516,"date":"2025-10-24T15:37:39","date_gmt":"2025-10-24T15:37:39","guid":{"rendered":"https:\/\/atletismoviana.pt\/aavc\/?p=7516"},"modified":"2025-10-24T15:37:42","modified_gmt":"2025-10-24T15:37:42","slug":"curso-de-admissao-de-juizes-de-atletismo","status":"publish","type":"post","link":"https:\/\/atletismoviana.pt\/aavc\/2025\/10\/24\/curso-de-admissao-de-juizes-de-atletismo\/","title":{"rendered":"Curso de Admiss\u00e3o de Ju\u00edzes de Atletismo\u00a0"},"content":{"rendered":"\n<figure class=\"wp-block-image size-large\"><img loading=\"lazy\" decoding=\"async\" width=\"1365\" height=\"767\" src=\"https:\/\/atletismoviana.pt\/aavc\/wp-content\/uploads\/2025\/10\/CURSO-DE-ADMISSAO-DE-JUIZES-DE-ATLETISMO-edited.jpg\" alt=\"\" class=\"wp-image-7518\" srcset=\"https:\/\/atletismoviana.pt\/aavc\/wp-content\/uploads\/2025\/10\/CURSO-DE-ADMISSAO-DE-JUIZES-DE-ATLETISMO-edited.jpg 1365w, https:\/\/atletismoviana.pt\/aavc\/wp-content\/uploads\/2025\/10\/CURSO-DE-ADMISSAO-DE-JUIZES-DE-ATLETISMO-edited-300x169.jpg 300w, https:\/\/atletismoviana.pt\/aavc\/wp-content\/uploads\/2025\/10\/CURSO-DE-ADMISSAO-DE-JUIZES-DE-ATLETISMO-edited-1024x575.jpg 1024w, https:\/\/atletismoviana.pt\/aavc\/wp-content\/uploads\/2025\/10\/CURSO-DE-ADMISSAO-DE-JUIZES-DE-ATLETISMO-edited-768x432.jpg 768w\" sizes=\"auto, (max-width: 1365px) 100vw, 1365px\" \/><\/figure>\n\n\n\n<div style=\"height:20px\" aria-hidden=\"true\" class=\"wp-block-spacer\"><\/div>\n\n\n\n<p>A <strong>Associa\u00e7\u00e3o de Atletismo de Braga<\/strong>, em parceria com as <strong>Associa\u00e7\u00f5es de Atletismo do Porto<\/strong> e de <strong>Viana do Castelo<\/strong>, anuncia a realiza\u00e7\u00e3o do <strong>Curso de Admiss\u00e3o de Ju\u00edzes de Atletismo<\/strong>, que decorrer\u00e1 entre os <strong>dias 18 de novembro e 6 de dezembro de 2025<\/strong>.<\/p>\n\n\n\n<p>Esta iniciativa constitui uma oportunidade relevante para todos os que pretendem <strong>aprofundar o seu envolvimento na modalidade<\/strong>, adquirindo forma\u00e7\u00e3o t\u00e9cnica e regulamentar que lhes permitir\u00e1 integrar o corpo de ju\u00edzes respons\u00e1vel pela condu\u00e7\u00e3o e supervis\u00e3o das competi\u00e7\u00f5es oficiais.<\/p>\n\n\n\n<p>O curso destina-se a <strong>candidatos com 16 ou mais anos<\/strong> (\u00e0 data do exame), e valoriza princ\u00edpios fundamentais como o <strong>rigor, o respeito, a \u00e9tica e o esp\u00edrito desportivo<\/strong>.<\/p>\n\n\n\n<div style=\"height:20px\" aria-hidden=\"true\" class=\"wp-block-spacer\"><\/div>\n\n\n\n<p><strong>Inscri\u00e7\u00f5es abertas at\u00e9 16 de novembro<br><\/strong><a href=\"https:\/\/forms.office.com\/r\/DnJypYmtE9\">https:\/\/forms.office.com\/r\/DnJypYmtE9<\/a><strong>\u00a0<\/strong><\/p>\n\n\n\n<p><strong><br><\/strong>Uma oportunidade de contribuir para o desenvolvimento e a integridade do atletismo nacional.<br><strong>Pelo Atletismo, para os Atletas, com os Clubes<\/strong><\/p>\n\n\n\n<p><\/p>\n","protected":false},"excerpt":{"rendered":"<p>A Associa\u00e7\u00e3o de Atletismo de Braga, em parceria com as Associa\u00e7\u00f5es de Atletismo do Porto e de Viana do Castelo, anuncia a realiza\u00e7\u00e3o do Curso de Admiss\u00e3o de Ju\u00edzes de Atletismo, que decorrer\u00e1 entre os dias 18 de novembro e 6 de dezembro de 2025. Esta iniciativa constitui uma oportunidade relevante para todos os que [&hellip;]<\/p>\n","protected":false},"author":1,"featured_media":7517,"comment_status":"closed","ping_status":"closed","sticky":false,"template":"","format":"standard","meta":{"footnotes":""},"categories":[18],"tags":[],"class_list":["post-7516","post","type-post","status-publish","format-standard","has-post-thumbnail","hentry","category-noticias"],"_links":{"self":[{"href":"https:\/\/atletismoviana.pt\/aavc\/wp-json\/wp\/v2\/posts\/7516","targetHints":{"allow":["GET"]}}],"collection":[{"href":"https:\/\/atletismoviana.pt\/aavc\/wp-json\/wp\/v2\/posts"}],"about":[{"href":"https:\/\/atletismoviana.pt\/aavc\/wp-json\/wp\/v2\/types\/post"}],"author":[{"embeddable":true,"href":"https:\/\/atletismoviana.pt\/aavc\/wp-json\/wp\/v2\/users\/1"}],"replies":[{"embeddable":true,"href":"https:\/\/atletismoviana.pt\/aavc\/wp-json\/wp\/v2\/comments?post=7516"}],"version-history":[{"count":1,"href":"https:\/\/atletismoviana.pt\/aavc\/wp-json\/wp\/v2\/posts\/7516\/revisions"}],"predecessor-version":[{"id":7519,"href":"https:\/\/atletismoviana.pt\/aavc\/wp-json\/wp\/v2\/posts\/7516\/revisions\/7519"}],"wp:featuredmedia":[{"embeddable":true,"href":"https:\/\/atletismoviana.pt\/aavc\/wp-json\/wp\/v2\/media\/7517"}],"wp:attachment":[{"href":"https:\/\/atletismoviana.pt\/aavc\/wp-json\/wp\/v2\/media?parent=7516"}],"wp:term":[{"taxonomy":"category","embeddable":true,"href":"https:\/\/atletismoviana.pt\/aavc\/wp-json\/wp\/v2\/categories?post=7516"},{"taxonomy":"post_tag","embeddable":true,"href":"https:\/\/atletismoviana.pt\/aavc\/wp-json\/wp\/v2\/tags?post=7516"}],"curies":[{"name":"wp","href":"https:\/\/api.w.org\/{rel}","templated":true}]}}