{"id":7525,"date":"2025-10-27T17:43:01","date_gmt":"2025-10-27T17:43:01","guid":{"rendered":"https:\/\/atletismoviana.pt\/aavc\/?p=7525"},"modified":"2025-10-27T17:43:10","modified_gmt":"2025-10-27T17:43:10","slug":"campeonato-regional-de-corta-mato-longo-inscricoes-abertas","status":"publish","type":"post","link":"https:\/\/atletismoviana.pt\/aavc\/2025\/10\/27\/campeonato-regional-de-corta-mato-longo-inscricoes-abertas\/","title":{"rendered":"Campeonato Regional de Corta-Mato Longo &#8211; Inscri\u00e7\u00f5es Abertas"},"content":{"rendered":"\n<figure class=\"wp-block-image size-large\"><img loading=\"lazy\" decoding=\"async\" width=\"1365\" height=\"767\" src=\"https:\/\/atletismoviana.pt\/aavc\/wp-content\/uploads\/2025\/10\/Web-Reg_Corta-mato_Longo_2025-edited-1.jpg\" alt=\"campeonato regional de corta-mato longo 2025\" class=\"wp-image-7528\" srcset=\"https:\/\/atletismoviana.pt\/aavc\/wp-content\/uploads\/2025\/10\/Web-Reg_Corta-mato_Longo_2025-edited-1.jpg 1365w, https:\/\/atletismoviana.pt\/aavc\/wp-content\/uploads\/2025\/10\/Web-Reg_Corta-mato_Longo_2025-edited-1-300x169.jpg 300w, https:\/\/atletismoviana.pt\/aavc\/wp-content\/uploads\/2025\/10\/Web-Reg_Corta-mato_Longo_2025-edited-1-1024x575.jpg 1024w, https:\/\/atletismoviana.pt\/aavc\/wp-content\/uploads\/2025\/10\/Web-Reg_Corta-mato_Longo_2025-edited-1-768x432.jpg 768w\" sizes=\"auto, (max-width: 1365px) 100vw, 1365px\" \/><\/figure>\n\n\n\n<div style=\"height:20px\" aria-hidden=\"true\" class=\"wp-block-spacer\"><\/div>\n\n\n\n<p>O Campeonato Regional de Corta-Mato Longo est\u00e1 de regresso e promete mais uma grande jornada de resist\u00eancia e esp\u00edrito competitivo.<br><br>A prova realiza-se no pr\u00f3ximo dia 9 de novembro de 2025, em Castelo do Neiva, reunindo atletas de todo o distrito numa das competi\u00e7\u00f5es mais emblem\u00e1ticas do calend\u00e1rio da AAVC.<\/p>\n\n\n\n<p>Esta \u00e9 uma oportunidade para os clubes e atletas demonstrarem a sua for\u00e7a no terreno e representarem, com orgulho, as cores da sua equipa.<\/p>\n\n\n\n<p><strong>Data: 9 de novembro de 2025<br>Local: Castelo do Neiva<br>Inscri\u00e7\u00f5es abertas no site da FPA Competi\u00e7\u00f5es: <\/strong><a href=\"https:\/\/fpacompeticoes.pt\/5266\/inscrever\">Inscri\u00e7\u00f5es Aqui<\/a><\/p>\n\n\n\n<div style=\"height:20px\" aria-hidden=\"true\" class=\"wp-block-spacer\"><\/div>\n\n\n\n<p><strong>Pelo Atletismo, para os Atletas, com os Clubes<\/strong><\/p>\n","protected":false},"excerpt":{"rendered":"<p>O Campeonato Regional de Corta-Mato Longo est\u00e1 de regresso e promete mais uma grande jornada de resist\u00eancia e esp\u00edrito competitivo. A prova realiza-se no pr\u00f3ximo dia 9 de novembro de 2025, em Castelo do Neiva, reunindo atletas de todo o distrito numa das competi\u00e7\u00f5es mais emblem\u00e1ticas do calend\u00e1rio da AAVC. Esta \u00e9 uma oportunidade para [&hellip;]<\/p>\n","protected":false},"author":1,"featured_media":7526,"comment_status":"closed","ping_status":"closed","sticky":false,"template":"","format":"standard","meta":{"footnotes":""},"categories":[18],"tags":[],"class_list":["post-7525","post","type-post","status-publish","format-standard","has-post-thumbnail","hentry","category-noticias"],"_links":{"self":[{"href":"https:\/\/atletismoviana.pt\/aavc\/wp-json\/wp\/v2\/posts\/7525","targetHints":{"allow":["GET"]}}],"collection":[{"href":"https:\/\/atletismoviana.pt\/aavc\/wp-json\/wp\/v2\/posts"}],"about":[{"href":"https:\/\/atletismoviana.pt\/aavc\/wp-json\/wp\/v2\/types\/post"}],"author":[{"embeddable":true,"href":"https:\/\/atletismoviana.pt\/aavc\/wp-json\/wp\/v2\/users\/1"}],"replies":[{"embeddable":true,"href":"https:\/\/atletismoviana.pt\/aavc\/wp-json\/wp\/v2\/comments?post=7525"}],"version-history":[{"count":1,"href":"https:\/\/atletismoviana.pt\/aavc\/wp-json\/wp\/v2\/posts\/7525\/revisions"}],"predecessor-version":[{"id":7529,"href":"https:\/\/atletismoviana.pt\/aavc\/wp-json\/wp\/v2\/posts\/7525\/revisions\/7529"}],"wp:featuredmedia":[{"embeddable":true,"href":"https:\/\/atletismoviana.pt\/aavc\/wp-json\/wp\/v2\/media\/7526"}],"wp:attachment":[{"href":"https:\/\/atletismoviana.pt\/aavc\/wp-json\/wp\/v2\/media?parent=7525"}],"wp:term":[{"taxonomy":"category","embeddable":true,"href":"https:\/\/atletismoviana.pt\/aavc\/wp-json\/wp\/v2\/categories?post=7525"},{"taxonomy":"post_tag","embeddable":true,"href":"https:\/\/atletismoviana.pt\/aavc\/wp-json\/wp\/v2\/tags?post=7525"}],"curies":[{"name":"wp","href":"https:\/\/api.w.org\/{rel}","templated":true}]}}