{"id":7533,"date":"2025-11-01T13:26:45","date_gmt":"2025-11-01T13:26:45","guid":{"rendered":"https:\/\/atletismoviana.pt\/aavc\/?p=7533"},"modified":"2025-11-01T13:27:32","modified_gmt":"2025-11-01T13:27:32","slug":"curso-de-admissao-de-juizes-de-atletismo-programa-horario","status":"publish","type":"post","link":"https:\/\/atletismoviana.pt\/aavc\/2025\/11\/01\/curso-de-admissao-de-juizes-de-atletismo-programa-horario\/","title":{"rendered":"Curso de Admiss\u00e3o de Ju\u00edzes de Atletismo &#8211; Programa Hor\u00e1rio"},"content":{"rendered":"\n<figure class=\"wp-block-image size-large\"><img loading=\"lazy\" decoding=\"async\" width=\"1365\" height=\"767\" src=\"https:\/\/atletismoviana.pt\/aavc\/wp-content\/uploads\/2025\/11\/Web-thumbnail-juizes-edited.jpg\" alt=\"curso de juizes\" class=\"wp-image-7535\" srcset=\"https:\/\/atletismoviana.pt\/aavc\/wp-content\/uploads\/2025\/11\/Web-thumbnail-juizes-edited.jpg 1365w, https:\/\/atletismoviana.pt\/aavc\/wp-content\/uploads\/2025\/11\/Web-thumbnail-juizes-edited-300x169.jpg 300w, https:\/\/atletismoviana.pt\/aavc\/wp-content\/uploads\/2025\/11\/Web-thumbnail-juizes-edited-1024x575.jpg 1024w, https:\/\/atletismoviana.pt\/aavc\/wp-content\/uploads\/2025\/11\/Web-thumbnail-juizes-edited-768x432.jpg 768w\" sizes=\"auto, (max-width: 1365px) 100vw, 1365px\" \/><\/figure>\n\n\n\n<div style=\"height:20px\" aria-hidden=\"true\" class=\"wp-block-spacer\"><\/div>\n\n\n\n<p>A <strong>Associa\u00e7\u00e3o de Atletismo de Braga<\/strong>, em colabora\u00e7\u00e3o com as <strong>Associa\u00e7\u00f5es de Atletismo do Porto e de Viana do Castelo<\/strong>, organiza o <strong>Curso de Admiss\u00e3o de Ju\u00edzes de Atletismo<\/strong>, uma oportunidade de forma\u00e7\u00e3o para todos os que desejam aprofundar o seu conhecimento t\u00e9cnico e contribuir para o bom funcionamento das competi\u00e7\u00f5es.<\/p>\n\n\n\n<p>O curso decorre entre <strong>18 de novembro e 6 de dezembro de 2025<\/strong>, com sess\u00f5es te\u00f3ricas online e exame final presencial.<\/p>\n\n\n\n<div style=\"height:20px\" aria-hidden=\"true\" class=\"wp-block-spacer\"><\/div>\n\n\n\n<p>&nbsp;<strong>Programa Hor\u00e1rio<\/strong><\/p>\n\n\n\n<p><strong>18 de novembro \u2014 Ter\u00e7a-feira | 21h00 \u2013 23h00<\/strong><\/p>\n\n\n\n<ul class=\"wp-block-list\">\n<li>Apresenta\u00e7\u00e3o<br><\/li>\n\n\n\n<li>Hist\u00f3ria e defini\u00e7\u00e3o de atletismo<br><\/li>\n\n\n\n<li>Estrutura WA, EAA, FPA e AAB\/AAP\/AAVC<br><\/li>\n\n\n\n<li>Regulamento do CA<br><\/li>\n\n\n\n<li>Oficiais e generalidades<br><\/li>\n<\/ul>\n\n\n\n<p><strong>20 de novembro \u2014 Quinta-feira | 21h00 \u2013 23h00<\/strong><\/p>\n\n\n\n<ul class=\"wp-block-list\">\n<li>Provas de pista<br><\/li>\n<\/ul>\n\n\n\n<p><strong>25 de novembro \u2014 Ter\u00e7a-feira | 20h00 \u2013 23h00<\/strong><\/p>\n\n\n\n<ul class=\"wp-block-list\">\n<li>Pista curta<br><\/li>\n\n\n\n<li>Provas combinadas<br><\/li>\n\n\n\n<li>Marcha<br><\/li>\n\n\n\n<li>Estrada, corta-mato, montanha e trail<br><\/li>\n\n\n\n<li>Recordes<br><\/li>\n\n\n\n<li>C\u00f3digo de \u00e9tica<br><\/li>\n<\/ul>\n\n\n\n<p><strong>27 de novembro \u2014 Quinta-feira | 20h00 \u2013 23h00<\/strong><\/p>\n\n\n\n<ul class=\"wp-block-list\">\n<li>Saltos horizontais e verticais<br><\/li>\n<\/ul>\n\n\n\n<p><strong>2 de dezembro \u2014 Ter\u00e7a-feira | 21h00 \u2013 23h00<\/strong><\/p>\n\n\n\n<ul class=\"wp-block-list\">\n<li>Lan\u00e7amentos<br><\/li>\n\n\n\n<li>Regras e procedimentos de seguran\u00e7a<br><\/li>\n<\/ul>\n\n\n\n<p><strong>6 de dezembro \u2014 S\u00e1bado | 09h00 \u2013 12h00<\/strong><\/p>\n\n\n\n<ul class=\"wp-block-list\">\n<li>Sess\u00e3o de esclarecimentos e exame presencial<br><\/li>\n<\/ul>\n\n\n\n<div style=\"height:20px\" aria-hidden=\"true\" class=\"wp-block-spacer\"><\/div>\n\n\n\n<p>Uma forma\u00e7\u00e3o essencial para quem pretende integrar o corpo de ju\u00edzes e apoiar o desenvolvimento do atletismo com rigor, \u00e9tica e paix\u00e3o pela modalidade.<\/p>\n\n\n\n<p>Consulte o programa <a href=\"http:\/\/atletismoviana.pt\/aavc\/wp-content\/uploads\/2025\/11\/Curso-para-admissao-de-juizes-de-atletismo-programa.pdf\" target=\"_blank\" rel=\"noreferrer noopener\">AQUI<br><br><\/a><strong>Pelo Atletismo, para os Atletas, com os Clubes<\/strong><\/p>\n\n\n\n<p><\/p>\n","protected":false},"excerpt":{"rendered":"<p>A Associa\u00e7\u00e3o de Atletismo de Braga, em colabora\u00e7\u00e3o com as Associa\u00e7\u00f5es de Atletismo do Porto e de Viana do Castelo, organiza o Curso de Admiss\u00e3o de Ju\u00edzes de Atletismo, uma oportunidade de forma\u00e7\u00e3o para todos os que desejam aprofundar o seu conhecimento t\u00e9cnico e contribuir para o bom funcionamento das competi\u00e7\u00f5es. O curso decorre entre [&hellip;]<\/p>\n","protected":false},"author":1,"featured_media":7534,"comment_status":"closed","ping_status":"closed","sticky":false,"template":"","format":"standard","meta":{"footnotes":""},"categories":[18],"tags":[],"class_list":["post-7533","post","type-post","status-publish","format-standard","has-post-thumbnail","hentry","category-noticias"],"_links":{"self":[{"href":"https:\/\/atletismoviana.pt\/aavc\/wp-json\/wp\/v2\/posts\/7533","targetHints":{"allow":["GET"]}}],"collection":[{"href":"https:\/\/atletismoviana.pt\/aavc\/wp-json\/wp\/v2\/posts"}],"about":[{"href":"https:\/\/atletismoviana.pt\/aavc\/wp-json\/wp\/v2\/types\/post"}],"author":[{"embeddable":true,"href":"https:\/\/atletismoviana.pt\/aavc\/wp-json\/wp\/v2\/users\/1"}],"replies":[{"embeddable":true,"href":"https:\/\/atletismoviana.pt\/aavc\/wp-json\/wp\/v2\/comments?post=7533"}],"version-history":[{"count":2,"href":"https:\/\/atletismoviana.pt\/aavc\/wp-json\/wp\/v2\/posts\/7533\/revisions"}],"predecessor-version":[{"id":7537,"href":"https:\/\/atletismoviana.pt\/aavc\/wp-json\/wp\/v2\/posts\/7533\/revisions\/7537"}],"wp:featuredmedia":[{"embeddable":true,"href":"https:\/\/atletismoviana.pt\/aavc\/wp-json\/wp\/v2\/media\/7534"}],"wp:attachment":[{"href":"https:\/\/atletismoviana.pt\/aavc\/wp-json\/wp\/v2\/media?parent=7533"}],"wp:term":[{"taxonomy":"category","embeddable":true,"href":"https:\/\/atletismoviana.pt\/aavc\/wp-json\/wp\/v2\/categories?post=7533"},{"taxonomy":"post_tag","embeddable":true,"href":"https:\/\/atletismoviana.pt\/aavc\/wp-json\/wp\/v2\/tags?post=7533"}],"curies":[{"name":"wp","href":"https:\/\/api.w.org\/{rel}","templated":true}]}}