{"id":7697,"date":"2025-11-18T14:46:57","date_gmt":"2025-11-18T14:46:57","guid":{"rendered":"https:\/\/atletismoviana.pt\/aavc\/?p=7697"},"modified":"2025-11-18T14:47:02","modified_gmt":"2025-11-18T14:47:02","slug":"arrancou-o-campeonato-regional-de-trail-jovem-no-mini-trail-de-santoinho","status":"publish","type":"post","link":"https:\/\/atletismoviana.pt\/aavc\/2025\/11\/18\/arrancou-o-campeonato-regional-de-trail-jovem-no-mini-trail-de-santoinho\/","title":{"rendered":"Arrancou o Campeonato Regional de Trail Jovem no Mini Trail de Santoinho"},"content":{"rendered":"\n<figure class=\"wp-block-image size-large\"><img loading=\"lazy\" decoding=\"async\" width=\"1365\" height=\"767\" src=\"https:\/\/atletismoviana.pt\/aavc\/wp-content\/uploads\/2025\/11\/Web-CRTrail-jovem-edited.jpg\" alt=\"Campeonato Regional de Trail Jovem\" class=\"wp-image-7699\" srcset=\"https:\/\/atletismoviana.pt\/aavc\/wp-content\/uploads\/2025\/11\/Web-CRTrail-jovem-edited.jpg 1365w, https:\/\/atletismoviana.pt\/aavc\/wp-content\/uploads\/2025\/11\/Web-CRTrail-jovem-edited-300x169.jpg 300w, https:\/\/atletismoviana.pt\/aavc\/wp-content\/uploads\/2025\/11\/Web-CRTrail-jovem-edited-1024x575.jpg 1024w, https:\/\/atletismoviana.pt\/aavc\/wp-content\/uploads\/2025\/11\/Web-CRTrail-jovem-edited-768x432.jpg 768w\" sizes=\"auto, (max-width: 1365px) 100vw, 1365px\" \/><\/figure>\n\n\n\n<div style=\"height:20px\" aria-hidden=\"true\" class=\"wp-block-spacer\"><\/div>\n\n\n\n<p class=\"has-colibri-color-6-color has-text-color has-link-color has-medium-font-size wp-elements-22a0786a1092769068859be2b38dc9af\">Teve in\u00edcio este fim de semana, no Mini Trail de Santoinho, o Campeonato Regional de Trail Jovem, numa etapa inaugural dedicada aos escal\u00f5es Sub-20 e Sub-18. Apesar de um arranque marcado por baixa participa\u00e7\u00e3o, com apenas tr\u00eas jovens atletas em competi\u00e7\u00e3o no escal\u00e3o Sub-20, a prova decorreu com entusiasmo e esp\u00edrito competitivo.<\/p>\n\n\n\n<p class=\"has-colibri-color-6-color has-text-color has-link-color has-medium-font-size wp-elements-80bf0d13f39b1da1caaee5645010266b\">O Centro de Atletismo de Arcos de Valdevez dominou esta primeira etapa, com Jos\u00e9 Cunha a garantir a vit\u00f3ria e Marco Afonso a conquistar o 2.\u00ba lugar. A completar o p\u00f3dio ficou H\u00e9lder Amorim, do Desn\u00edvel Positivo, que assegurou o 3.\u00ba lugar.<\/p>\n\n\n\n<p class=\"has-colibri-color-6-color has-text-color has-link-color has-medium-font-size wp-elements-abfe9ae30dcdaa05fa35468fee3e1f39\">Esta primeira prova assinala o come\u00e7o de um campeonato que pretende incentivar a forma\u00e7\u00e3o, a descoberta e o gosto pelo trail running entre os mais jovens.<\/p>\n\n\n\n<p class=\"has-colibri-color-6-color has-text-color has-link-color has-medium-font-size wp-elements-c74070afa374a779e2ff8351335d5193\">A segunda etapa est\u00e1 j\u00e1 marcada para o pr\u00f3ximo domingo, integrada no Circuito &#8220;Nem o C\u00e9u \u00e9 o Limite&#8221;, em Dem, onde se espera um refor\u00e7o da participa\u00e7\u00e3o e mais momentos de grande energia juvenil.<\/p>\n\n\n\n<div style=\"height:20px\" aria-hidden=\"true\" class=\"wp-block-spacer\"><\/div>\n\n\n\n<p class=\"has-colibri-color-6-color has-text-color has-link-color has-medium-font-size wp-elements-c4de92c6af1e168ba20db4009f36e46d\">Resultados dispon\u00edveis em:<\/p>\n\n\n\n<p class=\"has-colibri-color-1-color has-text-color has-link-color has-medium-font-size wp-elements-cd087370a84e08831d467cbb9022ae42\"><a href=\"https:\/\/www.cyclonessports.com\/provas\/20251115MiniTrailSantoinho\/Class\/Class_GERAL_TC.php\">https:\/\/www.cyclonessports.com\/provas\/20251115MiniTrailSantoinho\/Class\/Class_GERAL_TC.php<\/a><\/p>\n\n\n\n<p class=\"has-colibri-color-6-color has-text-color has-link-color has-medium-font-size wp-elements-0a15950f54e3aab7f38ad207040016a8\"><strong>Pelo Atletismo, para os Atletas, com os Clubes<\/strong><\/p>\n\n\n\n<p><\/p>\n","protected":false},"excerpt":{"rendered":"<p>Teve in\u00edcio este fim de semana, no Mini Trail de Santoinho, o Campeonato Regional de Trail Jovem, numa etapa inaugural dedicada aos escal\u00f5es Sub-20 e Sub-18. Apesar de um arranque marcado por baixa participa\u00e7\u00e3o, com apenas tr\u00eas jovens atletas em competi\u00e7\u00e3o no escal\u00e3o Sub-20, a prova decorreu com entusiasmo e esp\u00edrito competitivo. O Centro de [&hellip;]<\/p>\n","protected":false},"author":1,"featured_media":7698,"comment_status":"closed","ping_status":"closed","sticky":false,"template":"","format":"standard","meta":{"footnotes":""},"categories":[18],"tags":[60,59,75,70],"class_list":["post-7697","post","type-post","status-publish","format-standard","has-post-thumbnail","hentry","category-noticias","tag-aavc","tag-atletismo","tag-trail","tag-viana-do-castelo"],"_links":{"self":[{"href":"https:\/\/atletismoviana.pt\/aavc\/wp-json\/wp\/v2\/posts\/7697","targetHints":{"allow":["GET"]}}],"collection":[{"href":"https:\/\/atletismoviana.pt\/aavc\/wp-json\/wp\/v2\/posts"}],"about":[{"href":"https:\/\/atletismoviana.pt\/aavc\/wp-json\/wp\/v2\/types\/post"}],"author":[{"embeddable":true,"href":"https:\/\/atletismoviana.pt\/aavc\/wp-json\/wp\/v2\/users\/1"}],"replies":[{"embeddable":true,"href":"https:\/\/atletismoviana.pt\/aavc\/wp-json\/wp\/v2\/comments?post=7697"}],"version-history":[{"count":3,"href":"https:\/\/atletismoviana.pt\/aavc\/wp-json\/wp\/v2\/posts\/7697\/revisions"}],"predecessor-version":[{"id":7702,"href":"https:\/\/atletismoviana.pt\/aavc\/wp-json\/wp\/v2\/posts\/7697\/revisions\/7702"}],"wp:featuredmedia":[{"embeddable":true,"href":"https:\/\/atletismoviana.pt\/aavc\/wp-json\/wp\/v2\/media\/7698"}],"wp:attachment":[{"href":"https:\/\/atletismoviana.pt\/aavc\/wp-json\/wp\/v2\/media?parent=7697"}],"wp:term":[{"taxonomy":"category","embeddable":true,"href":"https:\/\/atletismoviana.pt\/aavc\/wp-json\/wp\/v2\/categories?post=7697"},{"taxonomy":"post_tag","embeddable":true,"href":"https:\/\/atletismoviana.pt\/aavc\/wp-json\/wp\/v2\/tags?post=7697"}],"curies":[{"name":"wp","href":"https:\/\/api.w.org\/{rel}","templated":true}]}}