{"id":7706,"date":"2025-11-20T19:14:22","date_gmt":"2025-11-20T19:14:22","guid":{"rendered":"https:\/\/atletismoviana.pt\/aavc\/?p=7706"},"modified":"2025-11-20T19:14:25","modified_gmt":"2025-11-20T19:14:25","slug":"torneio-de-abertura-arranca-a-29-de-novembro","status":"publish","type":"post","link":"https:\/\/atletismoviana.pt\/aavc\/2025\/11\/20\/torneio-de-abertura-arranca-a-29-de-novembro\/","title":{"rendered":"Torneio de Abertura arranca a 29 de novembro"},"content":{"rendered":"\n<figure class=\"wp-block-image size-large\"><img loading=\"lazy\" decoding=\"async\" width=\"1024\" height=\"256\" src=\"https:\/\/atletismoviana.pt\/aavc\/wp-content\/uploads\/2025\/11\/Web-article-1024x256.png\" alt=\"\" class=\"wp-image-7708\" srcset=\"https:\/\/atletismoviana.pt\/aavc\/wp-content\/uploads\/2025\/11\/Web-article-1024x256.png 1024w, https:\/\/atletismoviana.pt\/aavc\/wp-content\/uploads\/2025\/11\/Web-article-300x75.png 300w, https:\/\/atletismoviana.pt\/aavc\/wp-content\/uploads\/2025\/11\/Web-article-768x192.png 768w, https:\/\/atletismoviana.pt\/aavc\/wp-content\/uploads\/2025\/11\/Web-article-1536x384.png 1536w, https:\/\/atletismoviana.pt\/aavc\/wp-content\/uploads\/2025\/11\/Web-article-2048x512.png 2048w\" sizes=\"auto, (max-width: 1024px) 100vw, 1024px\" \/><\/figure>\n\n\n\n<div style=\"height:20px\" aria-hidden=\"true\" class=\"wp-block-spacer\"><\/div>\n\n\n\n<p class=\"has-colibri-color-6-color has-text-color has-link-color has-medium-font-size wp-elements-595729e3f29689e8b707ee531c277a10\">Pista Municipal Manuela Machado \u2013 Viana do Castelo<\/p>\n\n\n\n<p class=\"has-colibri-color-6-color has-text-color has-link-color has-medium-font-size wp-elements-50cd8176541382aedbe407e3b2c74e43\">A \u00e9poca est\u00e1 prestes a arrancar oficialmente com o Torneio de Abertura, que se realiza j\u00e1 no pr\u00f3ximo dia 29 de novembro, na Pista Municipal Manuela Machado.<\/p>\n\n\n\n<p class=\"has-colibri-color-6-color has-text-color has-link-color has-medium-font-size wp-elements-e6f4a74065b522bf3b78a2a4414b0ccc\">Esta competi\u00e7\u00e3o marca o in\u00edcio do calend\u00e1rio distrital e est\u00e1 aberta a atletas de todos os escal\u00f5es, desde Sub-10 at\u00e9 Masters, proporcionando um ambiente inclusivo, formativo e competitivo para toda a comunidade atl\u00e9tica.<\/p>\n\n\n\n<p class=\"has-colibri-color-6-color has-text-color has-link-color has-medium-font-size wp-elements-4310cdb80c73d02e76893dd516fb3135\">Ser\u00e1 uma excelente oportunidade para avaliar a forma, ganhar ritmo e celebrar o arranque de mais uma temporada de atletismo em Viana do Castelo.<\/p>\n\n\n\n<div style=\"height:20px\" aria-hidden=\"true\" class=\"wp-block-spacer\"><\/div>\n\n\n\n<p class=\"has-colibri-color-6-color has-text-color has-link-color has-medium-font-size wp-elements-df43bc44b40fa75d2dce7eb26a2fe3d4\">O regulamento da prova est\u00e1 dispon\u00edvel em:<br><a href=\"https:\/\/atletismoviana.pt\/aavc\/docs\/torneio-de-abertura-29-de-novembro-de-2025\/\">https:\/\/atletismoviana.pt\/aavc\/docs\/torneio-de-abertura-29-de-novembro-de-2025\/<\/a>\u00a0<\/p>\n\n\n\n<p class=\"has-colibri-color-6-color has-text-color has-link-color has-medium-font-size wp-elements-55c48bdf9f65b7153f1780f34e354503\"><br><strong>Pelo Atletismo, para os Atletas, com os Clubes<\/strong>.<\/p>\n","protected":false},"excerpt":{"rendered":"<p>Pista Municipal Manuela Machado \u2013 Viana do Castelo A \u00e9poca est\u00e1 prestes a arrancar oficialmente com o Torneio de Abertura, que se realiza j\u00e1 no pr\u00f3ximo dia 29 de novembro, na Pista Municipal Manuela Machado. Esta competi\u00e7\u00e3o marca o in\u00edcio do calend\u00e1rio distrital e est\u00e1 aberta a atletas de todos os escal\u00f5es, desde Sub-10 at\u00e9 [&hellip;]<\/p>\n","protected":false},"author":1,"featured_media":7707,"comment_status":"closed","ping_status":"closed","sticky":false,"template":"","format":"standard","meta":{"footnotes":""},"categories":[18],"tags":[],"class_list":["post-7706","post","type-post","status-publish","format-standard","has-post-thumbnail","hentry","category-noticias"],"_links":{"self":[{"href":"https:\/\/atletismoviana.pt\/aavc\/wp-json\/wp\/v2\/posts\/7706","targetHints":{"allow":["GET"]}}],"collection":[{"href":"https:\/\/atletismoviana.pt\/aavc\/wp-json\/wp\/v2\/posts"}],"about":[{"href":"https:\/\/atletismoviana.pt\/aavc\/wp-json\/wp\/v2\/types\/post"}],"author":[{"embeddable":true,"href":"https:\/\/atletismoviana.pt\/aavc\/wp-json\/wp\/v2\/users\/1"}],"replies":[{"embeddable":true,"href":"https:\/\/atletismoviana.pt\/aavc\/wp-json\/wp\/v2\/comments?post=7706"}],"version-history":[{"count":1,"href":"https:\/\/atletismoviana.pt\/aavc\/wp-json\/wp\/v2\/posts\/7706\/revisions"}],"predecessor-version":[{"id":7709,"href":"https:\/\/atletismoviana.pt\/aavc\/wp-json\/wp\/v2\/posts\/7706\/revisions\/7709"}],"wp:featuredmedia":[{"embeddable":true,"href":"https:\/\/atletismoviana.pt\/aavc\/wp-json\/wp\/v2\/media\/7707"}],"wp:attachment":[{"href":"https:\/\/atletismoviana.pt\/aavc\/wp-json\/wp\/v2\/media?parent=7706"}],"wp:term":[{"taxonomy":"category","embeddable":true,"href":"https:\/\/atletismoviana.pt\/aavc\/wp-json\/wp\/v2\/categories?post=7706"},{"taxonomy":"post_tag","embeddable":true,"href":"https:\/\/atletismoviana.pt\/aavc\/wp-json\/wp\/v2\/tags?post=7706"}],"curies":[{"name":"wp","href":"https:\/\/api.w.org\/{rel}","templated":true}]}}