{"id":7999,"date":"2025-12-20T22:07:23","date_gmt":"2025-12-20T22:07:23","guid":{"rendered":"https:\/\/atletismoviana.pt\/aavc\/?p=7999"},"modified":"2025-12-20T22:07:27","modified_gmt":"2025-12-20T22:07:27","slug":"concentracao-do-centro-de-formacao-da-zona-norte","status":"publish","type":"post","link":"https:\/\/atletismoviana.pt\/aavc\/2025\/12\/20\/concentracao-do-centro-de-formacao-da-zona-norte\/","title":{"rendered":"Concentra\u00e7\u00e3o do Centro de Forma\u00e7\u00e3o da Zona Norte"},"content":{"rendered":"\n<figure class=\"wp-block-image size-large\"><img loading=\"lazy\" decoding=\"async\" width=\"1024\" height=\"256\" src=\"https:\/\/atletismoviana.pt\/aavc\/wp-content\/uploads\/2025\/12\/Web-article-1024x256.png\" alt=\"\" class=\"wp-image-8000\" srcset=\"https:\/\/atletismoviana.pt\/aavc\/wp-content\/uploads\/2025\/12\/Web-article-1024x256.png 1024w, https:\/\/atletismoviana.pt\/aavc\/wp-content\/uploads\/2025\/12\/Web-article-300x75.png 300w, https:\/\/atletismoviana.pt\/aavc\/wp-content\/uploads\/2025\/12\/Web-article-768x192.png 768w, https:\/\/atletismoviana.pt\/aavc\/wp-content\/uploads\/2025\/12\/Web-article-1536x384.png 1536w, https:\/\/atletismoviana.pt\/aavc\/wp-content\/uploads\/2025\/12\/Web-article-2048x512.png 2048w\" sizes=\"auto, (max-width: 1024px) 100vw, 1024px\" \/><\/figure>\n\n\n\n<div style=\"height:20px\" aria-hidden=\"true\" class=\"wp-block-spacer\"><\/div>\n\n\n\n<p class=\"has-medium-font-size\">Realizou-se hoje, no <strong>Est\u00e1dio Municipal Manuela Machado<\/strong>, uma <strong>concentra\u00e7\u00e3o do Centro de Forma\u00e7\u00e3o da Zona Norte<\/strong>, organizada pela <strong>Associa\u00e7\u00e3o de Atletismo de Viana do Castelo (AAVC)<\/strong>.<\/p>\n\n\n\n<p class=\"has-medium-font-size\">A iniciativa reuniu cerca de <strong>50 participantes<\/strong>, entre <strong>treinadores inscritos na a\u00e7\u00e3o de forma\u00e7\u00e3o<\/strong> e os <strong>melhores atletas da Zona Norte<\/strong> nos setores de <strong>Salto com Vara<\/strong> e <strong>Salto em Altura<\/strong>, dos escal\u00f5es <strong>Sub-16 e Sub-18<\/strong>.<\/p>\n\n\n\n<p class=\"has-medium-font-size\">A forma\u00e7\u00e3o contou com a orienta\u00e7\u00e3o de dois treinadores convidados de reconhecida experi\u00eancia, <strong>Miguel Rios<\/strong> e <strong>Ant\u00f3nio Be\u00e7a<\/strong>, que conduziram as sess\u00f5es t\u00e9cnicas ao longo de <strong>um programa dividido entre manh\u00e3 e tarde<\/strong>, promovendo a partilha de conhecimento, metodologias de treino e boas pr\u00e1ticas no desenvolvimento dos jovens atletas.<\/p>\n\n\n\n<p class=\"has-medium-font-size\">Esta a\u00e7\u00e3o refor\u00e7a o papel da AAVC na dinamiza\u00e7\u00e3o da forma\u00e7\u00e3o cont\u00ednua e na valoriza\u00e7\u00e3o dos atletas e treinadores da regi\u00e3o Norte, contribuindo para o crescimento sustentado do atletismo nacional.<\/p>\n\n\n\n<div style=\"height:20px\" aria-hidden=\"true\" class=\"wp-block-spacer\"><\/div>\n\n\n\n<p class=\"has-medium-font-size\"><strong>Pelo Atletismo, para os Atletas, com os Clubes<\/strong><\/p>\n","protected":false},"excerpt":{"rendered":"<p>Realizou-se hoje, no Est\u00e1dio Municipal Manuela Machado, uma concentra\u00e7\u00e3o do Centro de Forma\u00e7\u00e3o da Zona Norte, organizada pela Associa\u00e7\u00e3o de Atletismo de Viana do Castelo (AAVC). A iniciativa reuniu cerca de 50 participantes, entre treinadores inscritos na a\u00e7\u00e3o de forma\u00e7\u00e3o e os melhores atletas da Zona Norte nos setores de Salto com Vara e Salto [&hellip;]<\/p>\n","protected":false},"author":1,"featured_media":8001,"comment_status":"closed","ping_status":"closed","sticky":false,"template":"","format":"standard","meta":{"footnotes":""},"categories":[18],"tags":[60,59,105,106,70],"class_list":["post-7999","post","type-post","status-publish","format-standard","has-post-thumbnail","hentry","category-noticias","tag-aavc","tag-atletismo","tag-formacao","tag-miguel-rios","tag-viana-do-castelo"],"_links":{"self":[{"href":"https:\/\/atletismoviana.pt\/aavc\/wp-json\/wp\/v2\/posts\/7999","targetHints":{"allow":["GET"]}}],"collection":[{"href":"https:\/\/atletismoviana.pt\/aavc\/wp-json\/wp\/v2\/posts"}],"about":[{"href":"https:\/\/atletismoviana.pt\/aavc\/wp-json\/wp\/v2\/types\/post"}],"author":[{"embeddable":true,"href":"https:\/\/atletismoviana.pt\/aavc\/wp-json\/wp\/v2\/users\/1"}],"replies":[{"embeddable":true,"href":"https:\/\/atletismoviana.pt\/aavc\/wp-json\/wp\/v2\/comments?post=7999"}],"version-history":[{"count":2,"href":"https:\/\/atletismoviana.pt\/aavc\/wp-json\/wp\/v2\/posts\/7999\/revisions"}],"predecessor-version":[{"id":8003,"href":"https:\/\/atletismoviana.pt\/aavc\/wp-json\/wp\/v2\/posts\/7999\/revisions\/8003"}],"wp:featuredmedia":[{"embeddable":true,"href":"https:\/\/atletismoviana.pt\/aavc\/wp-json\/wp\/v2\/media\/8001"}],"wp:attachment":[{"href":"https:\/\/atletismoviana.pt\/aavc\/wp-json\/wp\/v2\/media?parent=7999"}],"wp:term":[{"taxonomy":"category","embeddable":true,"href":"https:\/\/atletismoviana.pt\/aavc\/wp-json\/wp\/v2\/categories?post=7999"},{"taxonomy":"post_tag","embeddable":true,"href":"https:\/\/atletismoviana.pt\/aavc\/wp-json\/wp\/v2\/tags?post=7999"}],"curies":[{"name":"wp","href":"https:\/\/api.w.org\/{rel}","templated":true}]}}