{"id":8004,"date":"2025-12-26T20:32:00","date_gmt":"2025-12-26T20:32:00","guid":{"rendered":"https:\/\/atletismoviana.pt\/aavc\/?p=8004"},"modified":"2025-12-26T20:32:02","modified_gmt":"2025-12-26T20:32:02","slug":"mais-de-3-300-atletas-confirmados-para-a-sao-silvestre-de-viana-do-castelo","status":"publish","type":"post","link":"https:\/\/atletismoviana.pt\/aavc\/2025\/12\/26\/mais-de-3-300-atletas-confirmados-para-a-sao-silvestre-de-viana-do-castelo\/","title":{"rendered":"Mais de 3.300 atletas confirmados para a S\u00e3o Silvestre de Viana do Castelo"},"content":{"rendered":"\n<figure class=\"wp-block-image size-large\"><img loading=\"lazy\" decoding=\"async\" width=\"1024\" height=\"577\" src=\"https:\/\/atletismoviana.pt\/aavc\/wp-content\/uploads\/2025\/12\/Sao-Silvestre-2025-1024x577.jpg\" alt=\"\" class=\"wp-image-8005\" srcset=\"https:\/\/atletismoviana.pt\/aavc\/wp-content\/uploads\/2025\/12\/Sao-Silvestre-2025-1024x577.jpg 1024w, https:\/\/atletismoviana.pt\/aavc\/wp-content\/uploads\/2025\/12\/Sao-Silvestre-2025-300x169.jpg 300w, https:\/\/atletismoviana.pt\/aavc\/wp-content\/uploads\/2025\/12\/Sao-Silvestre-2025-768x433.jpg 768w, https:\/\/atletismoviana.pt\/aavc\/wp-content\/uploads\/2025\/12\/Sao-Silvestre-2025.jpg 1420w\" sizes=\"auto, (max-width: 1024px) 100vw, 1024px\" \/><\/figure>\n\n\n\n<p>Viana do Castelo prepara-se para receber, no pr\u00f3ximo dia 27 de dezembro, a 12\u00aa edi\u00e7\u00e3o da Corrida de S. Silvestre CLS Brands, que contar\u00e1 com a participa\u00e7\u00e3o de mais de 3.300 atletas.<\/p>\n\n\n\n<p>A prova principal arranca \u00e0s 18h30, com percursos de 10 km e 5 km, abertos a atletas federados e n\u00e3o federados. J\u00e1 a partir das 15h00, realiza-se a S\u00e3o Silvestre Kids, destinada aos mais jovens, promovendo h\u00e1bitos de vida saud\u00e1vel e o gosto pela pr\u00e1tica desportiva desde cedo. A competi\u00e7\u00e3o integra o Campeonato Regional da Associa\u00e7\u00e3o de Atletismo de Viana do Castelo (AAVC), refor\u00e7ando o seu car\u00e1ter competitivo e a import\u00e2ncia no calend\u00e1rio desportivo regional.<\/p>\n\n\n\n<p>Esta edi\u00e7\u00e3o conta ainda com a presen\u00e7a de Fernando Pimenta, atleta ol\u00edmpico e uma das maiores refer\u00eancias do desporto nacional, que ser\u00e1 padrinho da prova, contribuindo para o prest\u00edgio do evento. As ruas de Viana do Castelo prometem transformar-se numa verdadeira festa do desporto, reunindo atletas, fam\u00edlias e p\u00fablico num ambiente de celebra\u00e7\u00e3o e esp\u00edrito desportivo.<\/p>\n\n\n\n<p>fonte: <a href=\"https:\/\/vianatv.pt\/mais-de-3-300-atletas-confirmados-para-a-sao-silvestre-de-viana-do-castelo\/\">VianaTV<\/a><\/p>\n\n\n\n<p><\/p>\n","protected":false},"excerpt":{"rendered":"<p>Viana do Castelo prepara-se para receber, no pr\u00f3ximo dia 27 de dezembro, a 12\u00aa edi\u00e7\u00e3o da Corrida de S. Silvestre CLS Brands, que contar\u00e1 com a participa\u00e7\u00e3o de mais de 3.300 atletas. A prova principal arranca \u00e0s 18h30, com percursos de 10 km e 5 km, abertos a atletas federados e n\u00e3o federados. J\u00e1 a [&hellip;]<\/p>\n","protected":false},"author":1,"featured_media":8005,"comment_status":"closed","ping_status":"closed","sticky":false,"template":"","format":"standard","meta":{"footnotes":""},"categories":[18],"tags":[60,59],"class_list":["post-8004","post","type-post","status-publish","format-standard","has-post-thumbnail","hentry","category-noticias","tag-aavc","tag-atletismo"],"_links":{"self":[{"href":"https:\/\/atletismoviana.pt\/aavc\/wp-json\/wp\/v2\/posts\/8004","targetHints":{"allow":["GET"]}}],"collection":[{"href":"https:\/\/atletismoviana.pt\/aavc\/wp-json\/wp\/v2\/posts"}],"about":[{"href":"https:\/\/atletismoviana.pt\/aavc\/wp-json\/wp\/v2\/types\/post"}],"author":[{"embeddable":true,"href":"https:\/\/atletismoviana.pt\/aavc\/wp-json\/wp\/v2\/users\/1"}],"replies":[{"embeddable":true,"href":"https:\/\/atletismoviana.pt\/aavc\/wp-json\/wp\/v2\/comments?post=8004"}],"version-history":[{"count":1,"href":"https:\/\/atletismoviana.pt\/aavc\/wp-json\/wp\/v2\/posts\/8004\/revisions"}],"predecessor-version":[{"id":8006,"href":"https:\/\/atletismoviana.pt\/aavc\/wp-json\/wp\/v2\/posts\/8004\/revisions\/8006"}],"wp:featuredmedia":[{"embeddable":true,"href":"https:\/\/atletismoviana.pt\/aavc\/wp-json\/wp\/v2\/media\/8005"}],"wp:attachment":[{"href":"https:\/\/atletismoviana.pt\/aavc\/wp-json\/wp\/v2\/media?parent=8004"}],"wp:term":[{"taxonomy":"category","embeddable":true,"href":"https:\/\/atletismoviana.pt\/aavc\/wp-json\/wp\/v2\/categories?post=8004"},{"taxonomy":"post_tag","embeddable":true,"href":"https:\/\/atletismoviana.pt\/aavc\/wp-json\/wp\/v2\/tags?post=8004"}],"curies":[{"name":"wp","href":"https:\/\/api.w.org\/{rel}","templated":true}]}}