{"id":8017,"date":"2025-12-27T13:49:29","date_gmt":"2025-12-27T13:49:29","guid":{"rendered":"https:\/\/atletismoviana.pt\/aavc\/?p=8017"},"modified":"2025-12-27T13:49:32","modified_gmt":"2025-12-27T13:49:32","slug":"arranca-o-novo-ano-competitivo-com-energia-ambicao-e-talento-em-pista","status":"publish","type":"post","link":"https:\/\/atletismoviana.pt\/aavc\/2025\/12\/27\/arranca-o-novo-ano-competitivo-com-energia-ambicao-e-talento-em-pista\/","title":{"rendered":"Arranca o novo ano competitivo com energia, ambi\u00e7\u00e3o e talento em pista."},"content":{"rendered":"\n<figure class=\"wp-block-image size-large\"><img loading=\"lazy\" decoding=\"async\" width=\"1024\" height=\"256\" src=\"https:\/\/atletismoviana.pt\/aavc\/wp-content\/uploads\/2025\/12\/Web-article-1-1024x256.png\" alt=\"triatlo tecnico\" class=\"wp-image-8018\" srcset=\"https:\/\/atletismoviana.pt\/aavc\/wp-content\/uploads\/2025\/12\/Web-article-1-1024x256.png 1024w, https:\/\/atletismoviana.pt\/aavc\/wp-content\/uploads\/2025\/12\/Web-article-1-300x75.png 300w, https:\/\/atletismoviana.pt\/aavc\/wp-content\/uploads\/2025\/12\/Web-article-1-768x192.png 768w, https:\/\/atletismoviana.pt\/aavc\/wp-content\/uploads\/2025\/12\/Web-article-1-1536x384.png 1536w, https:\/\/atletismoviana.pt\/aavc\/wp-content\/uploads\/2025\/12\/Web-article-1-2048x512.png 2048w\" sizes=\"auto, (max-width: 1024px) 100vw, 1024px\" \/><\/figure>\n\n\n\n<div style=\"height:20px\" aria-hidden=\"true\" class=\"wp-block-spacer\"><\/div>\n\n\n\n<p>O Triatlo T\u00e9cnico Sub-14 e Sub-16 promete ser um momento especial de afirma\u00e7\u00e3o para os jovens atletas, onde a t\u00e9cnica, a versatilidade e a vontade de evoluir se cruzam num verdadeiro palco de futuro do atletismo.<\/p>\n\n\n\n<p><strong>Local:<\/strong> Pista Municipal Manuela Machado, Viana do Castelo<br><strong>Data:<\/strong> 3 de janeiro de 2026<br><strong>Escal\u00f5es:<\/strong> Sub-14 e Sub-16<\/p>\n\n\n\n<div style=\"height:20px\" aria-hidden=\"true\" class=\"wp-block-spacer\"><\/div>\n\n\n\n<p>Este encontro competitivo assume um papel fundamental na consolida\u00e7\u00e3o das bases t\u00e9cnicas do atletismo, promovendo a polival\u00eancia, a aprendizagem e a evolu\u00e7\u00e3o dos atletas mais jovens em contexto competitivo.<\/p>\n\n\n\n<p>Uma excelente oportunidade para iniciar o ano desportivo com foco na forma\u00e7\u00e3o, no rigor t\u00e9cnico e no esp\u00edrito competitivo saud\u00e1vel.<\/p>\n\n\n\n<p><strong>Pelo Atletismo, para os Atletas, com os Clubes<\/strong><\/p>\n","protected":false},"excerpt":{"rendered":"<p>O Triatlo T\u00e9cnico Sub-14 e Sub-16 promete ser um momento especial de afirma\u00e7\u00e3o para os jovens atletas, onde a t\u00e9cnica, a versatilidade e a vontade de evoluir se cruzam num verdadeiro palco de futuro do atletismo. Local: Pista Municipal Manuela Machado, Viana do CasteloData: 3 de janeiro de 2026Escal\u00f5es: Sub-14 e Sub-16 Este encontro competitivo [&hellip;]<\/p>\n","protected":false},"author":1,"featured_media":8019,"comment_status":"closed","ping_status":"closed","sticky":false,"template":"","format":"standard","meta":{"footnotes":""},"categories":[18],"tags":[],"class_list":["post-8017","post","type-post","status-publish","format-standard","has-post-thumbnail","hentry","category-noticias"],"_links":{"self":[{"href":"https:\/\/atletismoviana.pt\/aavc\/wp-json\/wp\/v2\/posts\/8017","targetHints":{"allow":["GET"]}}],"collection":[{"href":"https:\/\/atletismoviana.pt\/aavc\/wp-json\/wp\/v2\/posts"}],"about":[{"href":"https:\/\/atletismoviana.pt\/aavc\/wp-json\/wp\/v2\/types\/post"}],"author":[{"embeddable":true,"href":"https:\/\/atletismoviana.pt\/aavc\/wp-json\/wp\/v2\/users\/1"}],"replies":[{"embeddable":true,"href":"https:\/\/atletismoviana.pt\/aavc\/wp-json\/wp\/v2\/comments?post=8017"}],"version-history":[{"count":1,"href":"https:\/\/atletismoviana.pt\/aavc\/wp-json\/wp\/v2\/posts\/8017\/revisions"}],"predecessor-version":[{"id":8020,"href":"https:\/\/atletismoviana.pt\/aavc\/wp-json\/wp\/v2\/posts\/8017\/revisions\/8020"}],"wp:featuredmedia":[{"embeddable":true,"href":"https:\/\/atletismoviana.pt\/aavc\/wp-json\/wp\/v2\/media\/8019"}],"wp:attachment":[{"href":"https:\/\/atletismoviana.pt\/aavc\/wp-json\/wp\/v2\/media?parent=8017"}],"wp:term":[{"taxonomy":"category","embeddable":true,"href":"https:\/\/atletismoviana.pt\/aavc\/wp-json\/wp\/v2\/categories?post=8017"},{"taxonomy":"post_tag","embeddable":true,"href":"https:\/\/atletismoviana.pt\/aavc\/wp-json\/wp\/v2\/tags?post=8017"}],"curies":[{"name":"wp","href":"https:\/\/api.w.org\/{rel}","templated":true}]}}