{"id":8031,"date":"2025-12-30T22:31:34","date_gmt":"2025-12-30T22:31:34","guid":{"rendered":"https:\/\/atletismoviana.pt\/aavc\/?p=8031"},"modified":"2025-12-30T22:33:44","modified_gmt":"2025-12-30T22:33:44","slug":"prova-extra-de-500-metros-para-atletas-nao-federados","status":"publish","type":"post","link":"https:\/\/atletismoviana.pt\/aavc\/2025\/12\/30\/prova-extra-de-500-metros-para-atletas-nao-federados\/","title":{"rendered":"Prova extra de 500 metros para atletas n\u00e3o federados"},"content":{"rendered":"\n<figure class=\"wp-block-image size-large\"><img loading=\"lazy\" decoding=\"async\" width=\"1080\" height=\"608\" src=\"https:\/\/atletismoviana.pt\/aavc\/wp-content\/uploads\/2025\/12\/IMG_20251230_232135-1-edited.png\" alt=\"\" class=\"wp-image-8032\" srcset=\"https:\/\/atletismoviana.pt\/aavc\/wp-content\/uploads\/2025\/12\/IMG_20251230_232135-1-edited.png 1080w, https:\/\/atletismoviana.pt\/aavc\/wp-content\/uploads\/2025\/12\/IMG_20251230_232135-1-edited-300x169.png 300w, https:\/\/atletismoviana.pt\/aavc\/wp-content\/uploads\/2025\/12\/IMG_20251230_232135-1-edited-1024x576.png 1024w, https:\/\/atletismoviana.pt\/aavc\/wp-content\/uploads\/2025\/12\/IMG_20251230_232135-1-edited-768x432.png 768w\" sizes=\"auto, (max-width: 1080px) 100vw, 1080px\" \/><\/figure>\n\n\n\n<p>No pr\u00f3ximo s\u00e1bado, dia do Triatlo T\u00e9cnico Jovem Regional, o programa competitivo contar\u00e1 tamb\u00e9m com uma vertente aberta \u00e0 participa\u00e7\u00e3o de atletas n\u00e3o federados.<\/p>\n\n\n\n<p>Est\u00e3o previstas provas de 500 metros planos destinadas aos escal\u00f5es Sub-10 e Sub-12, integradas no programa-hor\u00e1rio do evento, permitindo que os mais jovens tenham a sua primeira experi\u00eancia em contexto competitivo e em pista oficial.<\/p>\n\n\n\n<p>Uma excelente oportunidade para promover o atletismo jovem, incentivar a participa\u00e7\u00e3o e aproximar novos atletas da modalidade.<\/p>\n\n\n\n<p>As inscri\u00e7\u00f5es est\u00e3o abertas e dispon\u00edveis no site da FPA Competi\u00e7\u00f5es:<\/p>\n\n\n\n<p><a href=\"https:\/\/fpacompeticoes.pt\/5511\/inscrever\" data-type=\"link\" data-id=\"https:\/\/fpacompeticoes.pt\/5511\/inscrever\">https:\/\/fpacompeticoes.pt\/5511\/inscrever<\/a> <\/p>\n\n\n\n<p><\/p>\n","protected":false},"excerpt":{"rendered":"<p>No pr\u00f3ximo s\u00e1bado, dia do Triatlo T\u00e9cnico Jovem Regional, o programa competitivo contar\u00e1 tamb\u00e9m com uma vertente aberta \u00e0 participa\u00e7\u00e3o de atletas n\u00e3o federados. Est\u00e3o previstas provas de 500 metros planos destinadas aos escal\u00f5es Sub-10 e Sub-12, integradas no programa-hor\u00e1rio do evento, permitindo que os mais jovens tenham a sua primeira experi\u00eancia em contexto competitivo [&hellip;]<\/p>\n","protected":false},"author":1,"featured_media":8030,"comment_status":"closed","ping_status":"closed","sticky":false,"template":"","format":"standard","meta":{"footnotes":""},"categories":[18],"tags":[60,59,70],"class_list":["post-8031","post","type-post","status-publish","format-standard","has-post-thumbnail","hentry","category-noticias","tag-aavc","tag-atletismo","tag-viana-do-castelo"],"_links":{"self":[{"href":"https:\/\/atletismoviana.pt\/aavc\/wp-json\/wp\/v2\/posts\/8031","targetHints":{"allow":["GET"]}}],"collection":[{"href":"https:\/\/atletismoviana.pt\/aavc\/wp-json\/wp\/v2\/posts"}],"about":[{"href":"https:\/\/atletismoviana.pt\/aavc\/wp-json\/wp\/v2\/types\/post"}],"author":[{"embeddable":true,"href":"https:\/\/atletismoviana.pt\/aavc\/wp-json\/wp\/v2\/users\/1"}],"replies":[{"embeddable":true,"href":"https:\/\/atletismoviana.pt\/aavc\/wp-json\/wp\/v2\/comments?post=8031"}],"version-history":[{"count":2,"href":"https:\/\/atletismoviana.pt\/aavc\/wp-json\/wp\/v2\/posts\/8031\/revisions"}],"predecessor-version":[{"id":8034,"href":"https:\/\/atletismoviana.pt\/aavc\/wp-json\/wp\/v2\/posts\/8031\/revisions\/8034"}],"wp:featuredmedia":[{"embeddable":true,"href":"https:\/\/atletismoviana.pt\/aavc\/wp-json\/wp\/v2\/media\/8030"}],"wp:attachment":[{"href":"https:\/\/atletismoviana.pt\/aavc\/wp-json\/wp\/v2\/media?parent=8031"}],"wp:term":[{"taxonomy":"category","embeddable":true,"href":"https:\/\/atletismoviana.pt\/aavc\/wp-json\/wp\/v2\/categories?post=8031"},{"taxonomy":"post_tag","embeddable":true,"href":"https:\/\/atletismoviana.pt\/aavc\/wp-json\/wp\/v2\/tags?post=8031"}],"curies":[{"name":"wp","href":"https:\/\/api.w.org\/{rel}","templated":true}]}}