{"id":8038,"date":"2026-01-04T09:49:07","date_gmt":"2026-01-04T09:49:07","guid":{"rendered":"https:\/\/atletismoviana.pt\/aavc\/?p=8038"},"modified":"2026-01-08T15:45:27","modified_gmt":"2026-01-08T15:45:27","slug":"resultados-do-triatlo-tecnico-jovem-regional","status":"publish","type":"post","link":"https:\/\/atletismoviana.pt\/aavc\/2026\/01\/04\/resultados-do-triatlo-tecnico-jovem-regional\/","title":{"rendered":"Resultados do Triatlo T\u00e9cnico Jovem Regional"},"content":{"rendered":"\n<figure class=\"wp-block-image size-large\"><img loading=\"lazy\" decoding=\"async\" width=\"1365\" height=\"767\" src=\"https:\/\/atletismoviana.pt\/aavc\/wp-content\/uploads\/2026\/01\/triatlo-tecnico-edited.jpg\" alt=\"triatlo tecnico jovem\" class=\"wp-image-8309\" srcset=\"https:\/\/atletismoviana.pt\/aavc\/wp-content\/uploads\/2026\/01\/triatlo-tecnico-edited.jpg 1365w, https:\/\/atletismoviana.pt\/aavc\/wp-content\/uploads\/2026\/01\/triatlo-tecnico-edited-300x169.jpg 300w, https:\/\/atletismoviana.pt\/aavc\/wp-content\/uploads\/2026\/01\/triatlo-tecnico-edited-1024x575.jpg 1024w, https:\/\/atletismoviana.pt\/aavc\/wp-content\/uploads\/2026\/01\/triatlo-tecnico-edited-768x432.jpg 768w\" sizes=\"auto, (max-width: 1365px) 100vw, 1365px\" \/><\/figure>\n\n\n\n<div style=\"height:20px\" aria-hidden=\"true\" class=\"wp-block-spacer\"><\/div>\n\n\n\n<p class=\"has-medium-font-size\">No passado <strong>s\u00e1bado, dia 3 de janeiro<\/strong>, a <strong>Pista Municipal Manuela Machado<\/strong>, em Viana do Castelo, recebeu o <strong>Triatlo T\u00e9cnico Jovem Regional Sub-14 e Sub-16<\/strong>, numa jornada dedicada \u00e0 forma\u00e7\u00e3o e desenvolvimento do atletismo jovem.<\/p>\n\n\n\n<p class=\"has-medium-font-size\">O evento contou com a participa\u00e7\u00e3o de <strong>mais de 200 atletas<\/strong>, refletindo a forte din\u00e2mica da modalidade na regi\u00e3o e a import\u00e2ncia deste modelo competitivo na avalia\u00e7\u00e3o t\u00e9cnica e multilateral dos jovens atletas.<\/p>\n\n\n\n<h3 class=\"wp-block-heading\"><strong>Destaques individuais<\/strong><\/h3>\n\n\n\n<ul class=\"wp-block-list\">\n<li><strong>Sub-16 Masculino<\/strong>: Dinis Liquito (CAM-VC) \u2013 <strong>1344 pontos<\/strong><strong><br><\/strong><\/li>\n\n\n\n<li><strong>Sub-16 Feminino<\/strong>: Joana Cerqueira (ADCL) \u2013 <strong>1317 pontos<\/strong><strong><br><\/strong><\/li>\n\n\n\n<li><strong>Sub-14 Masculino<\/strong>: Tom\u00e1s Pinto (ADA) \u2013 <strong>822 pontos<\/strong><strong><br><\/strong><\/li>\n\n\n\n<li><strong>Sub-14 Feminino<\/strong>: Diana Correia (ACDAV) \u2013 <strong>1288 pontos<\/strong><strong><br><\/strong><\/li>\n<\/ul>\n\n\n\n<h3 class=\"wp-block-heading\"><strong>Classifica\u00e7\u00e3o coletiva<\/strong><\/h3>\n\n\n\n<ol class=\"wp-block-list\">\n<li><strong>CA Mazarefes<\/strong> \u2013 3847,0 pontos<br><\/li>\n\n\n\n<li><strong>Academia Desportiva de Arcos de Valdevez<\/strong> \u2013 3509,0 pontos<br><\/li>\n\n\n\n<li><strong>AD Barroselas<\/strong> \u2013 2603,0 pontos<br><\/li>\n<\/ol>\n\n\n\n<div style=\"height:20px\" aria-hidden=\"true\" class=\"wp-block-spacer\"><\/div>\n\n\n\n<p class=\"has-medium-font-size\">Uma competi\u00e7\u00e3o bem organizada, marcada pelo entusiasmo dos jovens atletas, pelo envolvimento dos clubes e por um ambiente claramente orientado para a forma\u00e7\u00e3o e evolu\u00e7\u00e3o t\u00e9cnica, pilares fundamentais do atletismo regional.<\/p>\n\n\n\n<div style=\"height:20px\" aria-hidden=\"true\" class=\"wp-block-spacer\"><\/div>\n\n\n\n<p class=\"has-medium-font-size\">Resultados dispon\u00edveis em:<br><a href=\"https:\/\/atletismoviana.pt\/aavc\/docs\/resultados-triatlo-tecnico-jovem-regional-03-de-janeiro-2026-viana-do-castelo\/\">https:\/\/atletismoviana.pt\/aavc\/docs\/resultados-triatlo-tecnico-jovem-regional-03-de-janeiro-2026-viana-do-castelo\/<\/a>&nbsp;&nbsp;<\/p>\n\n\n\n<p class=\"has-medium-font-size\"><strong>Pelo Atletismo, para os Atletas, com os Clubes<\/strong><\/p>\n","protected":false},"excerpt":{"rendered":"<p>No passado s\u00e1bado, dia 3 de janeiro, a Pista Municipal Manuela Machado, em Viana do Castelo, recebeu o Triatlo T\u00e9cnico Jovem Regional Sub-14 e Sub-16, numa jornada dedicada \u00e0 forma\u00e7\u00e3o e desenvolvimento do atletismo jovem. O evento contou com a participa\u00e7\u00e3o de mais de 200 atletas, refletindo a forte din\u00e2mica da modalidade na regi\u00e3o e [&hellip;]<\/p>\n","protected":false},"author":1,"featured_media":8308,"comment_status":"closed","ping_status":"closed","sticky":false,"template":"","format":"standard","meta":{"footnotes":""},"categories":[18],"tags":[60,59,107,70],"class_list":["post-8038","post","type-post","status-publish","format-standard","has-post-thumbnail","hentry","category-noticias","tag-aavc","tag-atletismo","tag-triatlo-tecnico-jovem","tag-viana-do-castelo"],"_links":{"self":[{"href":"https:\/\/atletismoviana.pt\/aavc\/wp-json\/wp\/v2\/posts\/8038","targetHints":{"allow":["GET"]}}],"collection":[{"href":"https:\/\/atletismoviana.pt\/aavc\/wp-json\/wp\/v2\/posts"}],"about":[{"href":"https:\/\/atletismoviana.pt\/aavc\/wp-json\/wp\/v2\/types\/post"}],"author":[{"embeddable":true,"href":"https:\/\/atletismoviana.pt\/aavc\/wp-json\/wp\/v2\/users\/1"}],"replies":[{"embeddable":true,"href":"https:\/\/atletismoviana.pt\/aavc\/wp-json\/wp\/v2\/comments?post=8038"}],"version-history":[{"count":3,"href":"https:\/\/atletismoviana.pt\/aavc\/wp-json\/wp\/v2\/posts\/8038\/revisions"}],"predecessor-version":[{"id":8310,"href":"https:\/\/atletismoviana.pt\/aavc\/wp-json\/wp\/v2\/posts\/8038\/revisions\/8310"}],"wp:featuredmedia":[{"embeddable":true,"href":"https:\/\/atletismoviana.pt\/aavc\/wp-json\/wp\/v2\/media\/8308"}],"wp:attachment":[{"href":"https:\/\/atletismoviana.pt\/aavc\/wp-json\/wp\/v2\/media?parent=8038"}],"wp:term":[{"taxonomy":"category","embeddable":true,"href":"https:\/\/atletismoviana.pt\/aavc\/wp-json\/wp\/v2\/categories?post=8038"},{"taxonomy":"post_tag","embeddable":true,"href":"https:\/\/atletismoviana.pt\/aavc\/wp-json\/wp\/v2\/tags?post=8038"}],"curies":[{"name":"wp","href":"https:\/\/api.w.org\/{rel}","templated":true}]}}