{"id":8224,"date":"2026-01-05T23:18:54","date_gmt":"2026-01-05T23:18:54","guid":{"rendered":"https:\/\/atletismoviana.pt\/aavc\/?p=8224"},"modified":"2026-01-05T23:21:01","modified_gmt":"2026-01-05T23:21:01","slug":"resultados-do-campeonato-da-zona-norte-e-regional-de-provas-combinadas-de-inverno","status":"publish","type":"post","link":"https:\/\/atletismoviana.pt\/aavc\/2026\/01\/05\/resultados-do-campeonato-da-zona-norte-e-regional-de-provas-combinadas-de-inverno\/","title":{"rendered":"Resultados do Campeonato da Zona Norte e Regional de Provas Combinadas de Inverno"},"content":{"rendered":"\n<figure class=\"wp-block-image size-large\"><img loading=\"lazy\" decoding=\"async\" width=\"1365\" height=\"767\" src=\"https:\/\/atletismoviana.pt\/aavc\/wp-content\/uploads\/2026\/01\/Lousada-Provas-combinadas-edited.jpg\" alt=\"\" class=\"wp-image-8226\" srcset=\"https:\/\/atletismoviana.pt\/aavc\/wp-content\/uploads\/2026\/01\/Lousada-Provas-combinadas-edited.jpg 1365w, https:\/\/atletismoviana.pt\/aavc\/wp-content\/uploads\/2026\/01\/Lousada-Provas-combinadas-edited-300x169.jpg 300w, https:\/\/atletismoviana.pt\/aavc\/wp-content\/uploads\/2026\/01\/Lousada-Provas-combinadas-edited-1024x575.jpg 1024w, https:\/\/atletismoviana.pt\/aavc\/wp-content\/uploads\/2026\/01\/Lousada-Provas-combinadas-edited-768x432.jpg 768w\" sizes=\"auto, (max-width: 1365px) 100vw, 1365px\" \/><\/figure>\n\n\n\n<div style=\"height:20px\" aria-hidden=\"true\" class=\"wp-block-spacer\"><\/div>\n\n\n\n<p class=\"has-medium-font-size\">O evento realizou-se nos dias <strong>3 e 4 de janeiro<\/strong>, em <strong>Lousada<\/strong>, reunindo atletas de v\u00e1rios escal\u00f5es numa competi\u00e7\u00e3o exigente e fundamental para o desenvolvimento das disciplinas combinadas.<\/p>\n\n\n\n<p class=\"has-medium-font-size\">Em destaque no <strong>Campeonato da Zona Norte<\/strong> estiveram <strong>Celina Peneda<\/strong>, <strong>Lara Rego<\/strong> e <strong>Jo\u00e3o Gomes<\/strong>, que alcan\u00e7aram respetivamente o <strong>1.\u00ba, 2.\u00ba e 3.\u00ba lugares<\/strong>, confirmando o forte n\u00edvel competitivo dos atletas da regi\u00e3o.<\/p>\n\n\n\n<div style=\"height:20px\" aria-hidden=\"true\" class=\"wp-block-spacer\"><\/div>\n\n\n\n<p class=\"has-medium-font-size\">No que respeita ao <strong>Campeonato Regional de Viana do Castelo<\/strong>, os resultados foram os seguintes:<\/p>\n\n\n\n<h3 class=\"wp-block-heading\"><strong>Heptatlo Masculino<\/strong><\/h3>\n\n\n\n<ul class=\"wp-block-list\">\n<li class=\"has-medium-font-size\"><strong>1.\u00ba lugar \u2013 Sub-23:<\/strong> Jo\u00e3o Gomes (ACDAV) \u2013 <strong>3589 pontos<\/strong><strong><br><\/strong><\/li>\n\n\n\n<li class=\"has-medium-font-size\"><strong>1.\u00ba lugar \u2013 Sub-18:<\/strong> Afonso Rodrigues (ACDAV) \u2013 <strong>2691 pontos<\/strong><strong><br><\/strong><\/li>\n\n\n\n<li class=\"has-medium-font-size\"><strong>2.\u00ba lugar \u2013 Sub-18:<\/strong> Lu\u00eds Barros (ACDAV) \u2013 <strong>2682 pontos<\/strong><strong><br><\/strong><\/li>\n\n\n\n<li class=\"has-medium-font-size\"><strong>3.\u00ba lugar \u2013 Sub-18:<\/strong> Rodrigo Meira (CAM-VC) \u2013 <strong>1980 pontos<\/strong><strong><br><\/strong><\/li>\n<\/ul>\n\n\n\n<h3 class=\"wp-block-heading\"><strong>Heptatlo Feminino<\/strong><\/h3>\n\n\n\n<ul class=\"wp-block-list\">\n<li class=\"has-medium-font-size\"><strong>1.\u00ba lugar \u2013 S\u00e9nior:<\/strong> Celina Peneda (ACDAV) \u2013 <strong>3629 pontos<\/strong><strong><br><\/strong><\/li>\n\n\n\n<li class=\"has-medium-font-size\"><strong>2.\u00ba lugar \u2013 Sub-23:<\/strong> Lara Rego (CAM-VC) \u2013 <strong>3034 pontos<\/strong><strong><br><\/strong><\/li>\n<\/ul>\n\n\n\n<h3 class=\"wp-block-heading\"><strong>Pentatlo Feminino<\/strong><\/h3>\n\n\n\n<ul class=\"wp-block-list\">\n<li class=\"has-medium-font-size\"><strong>1.\u00ba lugar \u2013 Sub-18:<\/strong> C\u00e9lia Dantas (ACDAV) \u2013 <strong>1869 pontos<\/strong><strong><br><\/strong><\/li>\n\n\n\n<li class=\"has-medium-font-size\"><strong>2.\u00ba lugar \u2013 Sub-18:<\/strong> Beatriz Freitas (ACDAV) \u2013 <strong>1531 pontos<\/strong><strong><br><\/strong><\/li>\n\n\n\n<li class=\"has-medium-font-size\"><strong>3.\u00ba lugar \u2013 Sub-18:<\/strong> Petra Rios (ACDAV) \u2013 <strong>1362 pontos<\/strong><strong><br><\/strong><\/li>\n<\/ul>\n\n\n\n<div style=\"height:20px\" aria-hidden=\"true\" class=\"wp-block-spacer\"><\/div>\n\n\n\n<p class=\"has-medium-font-size\">Uma competi\u00e7\u00e3o marcada por bons desempenhos individuais, esp\u00edrito competitivo e excelentes perspetivas para a \u00e9poca de inverno, refor\u00e7ando a qualidade do trabalho desenvolvido pelos clubes e atletas da regi\u00e3o.<\/p>\n\n\n\n<div style=\"height:20px\" aria-hidden=\"true\" class=\"wp-block-spacer\"><\/div>\n\n\n\n<p>Resultados completos dispon\u00edveis:<br><a href=\"https:\/\/atletismoviana.pt\/aavc\/docs\/campeonato-do-norte-e-regional-de-inverno-de-provas-combinadas-3-e-4-de-janeiro-2026-lousada\/\">https:\/\/atletismoviana.pt\/aavc\/docs\/campeonato-do-norte-e-regional-de-inverno-de-provas-combinadas-3-e-4-de-janeiro-2026-lousada\/<\/a> <\/p>\n\n\n\n<p class=\"has-medium-font-size\"><strong>Pelo Atletismo, para os Atletas, com os Clubes<\/strong><\/p>\n","protected":false},"excerpt":{"rendered":"<p>O evento realizou-se nos dias 3 e 4 de janeiro, em Lousada, reunindo atletas de v\u00e1rios escal\u00f5es numa competi\u00e7\u00e3o exigente e fundamental para o desenvolvimento das disciplinas combinadas. Em destaque no Campeonato da Zona Norte estiveram Celina Peneda, Lara Rego e Jo\u00e3o Gomes, que alcan\u00e7aram respetivamente o 1.\u00ba, 2.\u00ba e 3.\u00ba lugares, confirmando o forte [&hellip;]<\/p>\n","protected":false},"author":1,"featured_media":8225,"comment_status":"closed","ping_status":"closed","sticky":false,"template":"","format":"standard","meta":{"footnotes":""},"categories":[18],"tags":[60,59,108,72],"class_list":["post-8224","post","type-post","status-publish","format-standard","has-post-thumbnail","hentry","category-noticias","tag-aavc","tag-atletismo","tag-provas-combinadas","tag-regional"],"_links":{"self":[{"href":"https:\/\/atletismoviana.pt\/aavc\/wp-json\/wp\/v2\/posts\/8224","targetHints":{"allow":["GET"]}}],"collection":[{"href":"https:\/\/atletismoviana.pt\/aavc\/wp-json\/wp\/v2\/posts"}],"about":[{"href":"https:\/\/atletismoviana.pt\/aavc\/wp-json\/wp\/v2\/types\/post"}],"author":[{"embeddable":true,"href":"https:\/\/atletismoviana.pt\/aavc\/wp-json\/wp\/v2\/users\/1"}],"replies":[{"embeddable":true,"href":"https:\/\/atletismoviana.pt\/aavc\/wp-json\/wp\/v2\/comments?post=8224"}],"version-history":[{"count":3,"href":"https:\/\/atletismoviana.pt\/aavc\/wp-json\/wp\/v2\/posts\/8224\/revisions"}],"predecessor-version":[{"id":8229,"href":"https:\/\/atletismoviana.pt\/aavc\/wp-json\/wp\/v2\/posts\/8224\/revisions\/8229"}],"wp:featuredmedia":[{"embeddable":true,"href":"https:\/\/atletismoviana.pt\/aavc\/wp-json\/wp\/v2\/media\/8225"}],"wp:attachment":[{"href":"https:\/\/atletismoviana.pt\/aavc\/wp-json\/wp\/v2\/media?parent=8224"}],"wp:term":[{"taxonomy":"category","embeddable":true,"href":"https:\/\/atletismoviana.pt\/aavc\/wp-json\/wp\/v2\/categories?post=8224"},{"taxonomy":"post_tag","embeddable":true,"href":"https:\/\/atletismoviana.pt\/aavc\/wp-json\/wp\/v2\/tags?post=8224"}],"curies":[{"name":"wp","href":"https:\/\/api.w.org\/{rel}","templated":true}]}}