{"id":8293,"date":"2026-01-08T11:48:01","date_gmt":"2026-01-08T11:48:01","guid":{"rendered":"https:\/\/atletismoviana.pt\/aavc\/?p=8293"},"modified":"2026-01-08T12:14:38","modified_gmt":"2026-01-08T12:14:38","slug":"atletas-vianenses-apurados-para-os-campeonatos-nacionais-de-trail","status":"publish","type":"post","link":"https:\/\/atletismoviana.pt\/aavc\/2026\/01\/08\/atletas-vianenses-apurados-para-os-campeonatos-nacionais-de-trail\/","title":{"rendered":"Atletas Vianenses apurados para os Campeonatos Nacionais de Trail"},"content":{"rendered":"\n<figure class=\"wp-block-image size-full\"><img loading=\"lazy\" decoding=\"async\" width=\"1000\" height=\"500\" src=\"https:\/\/atletismoviana.pt\/aavc\/wp-content\/uploads\/2026\/01\/FPA_competicoes-thumbnail.jpg\" alt=\"\" class=\"wp-image-8294\" srcset=\"https:\/\/atletismoviana.pt\/aavc\/wp-content\/uploads\/2026\/01\/FPA_competicoes-thumbnail.jpg 1000w, https:\/\/atletismoviana.pt\/aavc\/wp-content\/uploads\/2026\/01\/FPA_competicoes-thumbnail-300x150.jpg 300w, https:\/\/atletismoviana.pt\/aavc\/wp-content\/uploads\/2026\/01\/FPA_competicoes-thumbnail-768x384.jpg 768w\" sizes=\"auto, (max-width: 1000px) 100vw, 1000px\" \/><\/figure>\n\n\n\n<div style=\"height:20px\" aria-hidden=\"true\" class=\"wp-block-spacer\"><\/div>\n\n\n\n<p class=\"has-medium-font-size\">Est\u00e3o definidos os atletas da regi\u00e3o de Viana do Castelo apurados para os Campeonatos Nacionais de Trail, que se realizam em Our\u00e9m, no dia 17 de janeiro de 2026.<\/p>\n\n\n\n<p class=\"has-medium-font-size\">A Associa\u00e7\u00e3o de Atletismo de Viana do Castelo (AAVC) garantiu o apuramento de tr\u00eas atletas, com base no regulamento da competi\u00e7\u00e3o, atrav\u00e9s da classifica\u00e7\u00e3o nos Circuitos Distritais\/Regionais, sendo eleg\u00edveis at\u00e9 10% dos finisher do Trail Longo, com o limite m\u00e1ximo de 10 atletas por g\u00e9nero. Os atletas apurados s\u00e3o:<\/p>\n\n\n\n<ul class=\"wp-block-list\">\n<li class=\"has-medium-font-size\">H\u00e9lder Franco \u2013 Centro de Atletismo de Arcos de Valdevez (CAAV)<\/li>\n\n\n\n<li class=\"has-medium-font-size\">Nelson Belo \u2013 Associa\u00e7\u00e3o Minho Lima Trail (AMLT)<\/li>\n\n\n\n<li class=\"has-medium-font-size\">Catarina Dantas \u2013 Escola Desportiva Limiana (EDL)<\/li>\n<\/ul>\n\n\n\n<div style=\"height:20px\" aria-hidden=\"true\" class=\"wp-block-spacer\"><\/div>\n\n\n\n<p class=\"has-medium-font-size\">A inscri\u00e7\u00e3o para os Campeonatos Nacionais de Trail dever\u00e1 ser efetuada at\u00e9 10 de janeiro de 2026, atrav\u00e9s do formul\u00e1rio espec\u00edfico que estar\u00e1 dispon\u00edvel na plataforma <a href=\"https:\/\/www.stopandgo.net\/events\/trail-serradaire-2026\">Stop and Go<\/a>, no evento oficial da prova.<\/p>\n\n\n\n<p class=\"has-medium-font-size\">Uma presen\u00e7a que reflete a qualidade e consist\u00eancia do trail running na regi\u00e3o de Viana do Castelo, garantindo representa\u00e7\u00e3o regional numa das mais importantes competi\u00e7\u00f5es nacionais da modalidade.<\/p>\n\n\n\n<div style=\"height:20px\" aria-hidden=\"true\" class=\"wp-block-spacer\"><\/div>\n\n\n\n<p class=\"has-medium-font-size\"><strong>Pelo Atletismo, para os Atletas, com os Clubes<\/strong><\/p>\n","protected":false},"excerpt":{"rendered":"<p>Est\u00e3o definidos os atletas da regi\u00e3o de Viana do Castelo apurados para os Campeonatos Nacionais de Trail, que se realizam em Our\u00e9m, no dia 17 de janeiro de 2026. A Associa\u00e7\u00e3o de Atletismo de Viana do Castelo (AAVC) garantiu o apuramento de tr\u00eas atletas, com base no regulamento da competi\u00e7\u00e3o, atrav\u00e9s da classifica\u00e7\u00e3o nos Circuitos [&hellip;]<\/p>\n","protected":false},"author":1,"featured_media":8295,"comment_status":"closed","ping_status":"closed","sticky":false,"template":"","format":"standard","meta":{"footnotes":""},"categories":[18],"tags":[60,59,86,69,75,70],"class_list":["post-8293","post","type-post","status-publish","format-standard","has-post-thumbnail","hentry","category-noticias","tag-aavc","tag-atletismo","tag-campeonato-nacional","tag-fpatletismo","tag-trail","tag-viana-do-castelo"],"_links":{"self":[{"href":"https:\/\/atletismoviana.pt\/aavc\/wp-json\/wp\/v2\/posts\/8293","targetHints":{"allow":["GET"]}}],"collection":[{"href":"https:\/\/atletismoviana.pt\/aavc\/wp-json\/wp\/v2\/posts"}],"about":[{"href":"https:\/\/atletismoviana.pt\/aavc\/wp-json\/wp\/v2\/types\/post"}],"author":[{"embeddable":true,"href":"https:\/\/atletismoviana.pt\/aavc\/wp-json\/wp\/v2\/users\/1"}],"replies":[{"embeddable":true,"href":"https:\/\/atletismoviana.pt\/aavc\/wp-json\/wp\/v2\/comments?post=8293"}],"version-history":[{"count":4,"href":"https:\/\/atletismoviana.pt\/aavc\/wp-json\/wp\/v2\/posts\/8293\/revisions"}],"predecessor-version":[{"id":8299,"href":"https:\/\/atletismoviana.pt\/aavc\/wp-json\/wp\/v2\/posts\/8293\/revisions\/8299"}],"wp:featuredmedia":[{"embeddable":true,"href":"https:\/\/atletismoviana.pt\/aavc\/wp-json\/wp\/v2\/media\/8295"}],"wp:attachment":[{"href":"https:\/\/atletismoviana.pt\/aavc\/wp-json\/wp\/v2\/media?parent=8293"}],"wp:term":[{"taxonomy":"category","embeddable":true,"href":"https:\/\/atletismoviana.pt\/aavc\/wp-json\/wp\/v2\/categories?post=8293"},{"taxonomy":"post_tag","embeddable":true,"href":"https:\/\/atletismoviana.pt\/aavc\/wp-json\/wp\/v2\/tags?post=8293"}],"curies":[{"name":"wp","href":"https:\/\/api.w.org\/{rel}","templated":true}]}}