{"id":8318,"date":"2026-01-14T09:11:06","date_gmt":"2026-01-14T09:11:06","guid":{"rendered":"https:\/\/atletismoviana.pt\/aavc\/?p=8318"},"modified":"2026-01-14T09:11:35","modified_gmt":"2026-01-14T09:11:35","slug":"inscricoes-para-o-campeonato-regional-de-pista-curta-fecham-hoje","status":"publish","type":"post","link":"https:\/\/atletismoviana.pt\/aavc\/2026\/01\/14\/inscricoes-para-o-campeonato-regional-de-pista-curta-fecham-hoje\/","title":{"rendered":"Inscri\u00e7\u00f5es para o Campeonato Regional de Pista Curta fecham hoje"},"content":{"rendered":"\n<figure class=\"wp-block-image size-large\"><img loading=\"lazy\" decoding=\"async\" width=\"1365\" height=\"767\" src=\"https:\/\/atletismoviana.pt\/aavc\/wp-content\/uploads\/2026\/01\/AABraga_Reg_Pista_Curta_26-edited.jpg\" alt=\"Regional de Pista Curta - Braga\" class=\"wp-image-8320\" srcset=\"https:\/\/atletismoviana.pt\/aavc\/wp-content\/uploads\/2026\/01\/AABraga_Reg_Pista_Curta_26-edited.jpg 1365w, https:\/\/atletismoviana.pt\/aavc\/wp-content\/uploads\/2026\/01\/AABraga_Reg_Pista_Curta_26-edited-300x169.jpg 300w, https:\/\/atletismoviana.pt\/aavc\/wp-content\/uploads\/2026\/01\/AABraga_Reg_Pista_Curta_26-edited-1024x575.jpg 1024w, https:\/\/atletismoviana.pt\/aavc\/wp-content\/uploads\/2026\/01\/AABraga_Reg_Pista_Curta_26-edited-768x432.jpg 768w\" sizes=\"auto, (max-width: 1365px) 100vw, 1365px\" \/><figcaption class=\"wp-element-caption\">Foto: AABraga<\/figcaption><\/figure>\n\n\n\n<div style=\"height:20px\" aria-hidden=\"true\" class=\"wp-block-spacer\"><\/div>\n\n\n\n<p class=\"has-medium-font-size\">O <strong>Campeonato Absoluto do Norte de Pista Curta \u2013 \u00e9poca 2025\/2026<\/strong> realiza-se j\u00e1 no pr\u00f3ximo fim de semana, <strong>dias 17 e 18 de janeiro<\/strong>, no <strong>F\u00f3rum Braga<\/strong>, reunindo os melhores atletas do Norte nas disciplinas de pista curta.<\/p>\n\n\n\n<p class=\"has-medium-font-size\">A competi\u00e7\u00e3o ir\u00e1 consagrar os <strong>Campe\u00f5es do Norte<\/strong>, bem como os <strong>Campe\u00f5es Regionais<\/strong> das Associa\u00e7\u00f5es de Atletismo de <strong>Braga, Porto, Viana do Castelo e Vila Real<\/strong>, assumindo-se como um dos momentos altos do calend\u00e1rio competitivo de inverno.<\/p>\n\n\n\n<p class=\"has-medium-font-size\">As <strong>inscri\u00e7\u00f5es decorrem online at\u00e9 \u00e0s 23h59 do dia 14 de janeiro (quarta-feira)<\/strong>, atrav\u00e9s da plataforma <strong>FPA Competi\u00e7\u00f5es<\/strong>. A participa\u00e7\u00e3o est\u00e1 sujeita a um <strong>limite m\u00e1ximo de atletas por prova<\/strong>, pelo que as <strong>listas de atletas admitidos<\/strong> ser\u00e3o divulgadas na <strong>tarde de quinta-feira, dia 15 de janeiro<\/strong>.<\/p>\n\n\n\n<p class=\"has-medium-font-size\">Um fim de semana de grande competi\u00e7\u00e3o, no cora\u00e7\u00e3o do atletismo de pista curta do Norte.<\/p>\n\n\n\n<div style=\"height:20px\" aria-hidden=\"true\" class=\"wp-block-spacer\"><\/div>\n\n\n\n<p class=\"has-medium-font-size\">Lista de inscritos: <br><a href=\"https:\/\/beta.fpacompeticoes.pt\/inscriptions\/5541\">https:\/\/beta.fpacompeticoes.pt\/inscriptions\/5541<\/a><br><br>Programa-hor\u00e1rio:<br><a href=\"https:\/\/www.aabraga.pt\/files\/1768325402_c02f871b07e43dd42d7f14ce23cfc4c8.pdf\">https:\/\/www.aabraga.pt\/files\/1768325402_c02f871b07e43dd42d7f14ce23cfc4c8.pdf<\/a>\u00a0<\/p>\n\n\n\n<div style=\"height:20px\" aria-hidden=\"true\" class=\"wp-block-spacer\"><\/div>\n\n\n\n<p class=\"has-medium-font-size\"><strong>Pelo Atletismo, para os Atletas, com os Clubes<\/strong><\/p>\n\n\n\n<p><\/p>\n","protected":false},"excerpt":{"rendered":"<p>O Campeonato Absoluto do Norte de Pista Curta \u2013 \u00e9poca 2025\/2026 realiza-se j\u00e1 no pr\u00f3ximo fim de semana, dias 17 e 18 de janeiro, no F\u00f3rum Braga, reunindo os melhores atletas do Norte nas disciplinas de pista curta. A competi\u00e7\u00e3o ir\u00e1 consagrar os Campe\u00f5es do Norte, bem como os Campe\u00f5es Regionais das Associa\u00e7\u00f5es de Atletismo [&hellip;]<\/p>\n","protected":false},"author":1,"featured_media":8319,"comment_status":"closed","ping_status":"closed","sticky":false,"template":"","format":"standard","meta":{"footnotes":""},"categories":[18],"tags":[60,59,80],"class_list":["post-8318","post","type-post","status-publish","format-standard","has-post-thumbnail","hentry","category-noticias","tag-aavc","tag-atletismo","tag-campeonato-regional-absoluto"],"_links":{"self":[{"href":"https:\/\/atletismoviana.pt\/aavc\/wp-json\/wp\/v2\/posts\/8318","targetHints":{"allow":["GET"]}}],"collection":[{"href":"https:\/\/atletismoviana.pt\/aavc\/wp-json\/wp\/v2\/posts"}],"about":[{"href":"https:\/\/atletismoviana.pt\/aavc\/wp-json\/wp\/v2\/types\/post"}],"author":[{"embeddable":true,"href":"https:\/\/atletismoviana.pt\/aavc\/wp-json\/wp\/v2\/users\/1"}],"replies":[{"embeddable":true,"href":"https:\/\/atletismoviana.pt\/aavc\/wp-json\/wp\/v2\/comments?post=8318"}],"version-history":[{"count":1,"href":"https:\/\/atletismoviana.pt\/aavc\/wp-json\/wp\/v2\/posts\/8318\/revisions"}],"predecessor-version":[{"id":8321,"href":"https:\/\/atletismoviana.pt\/aavc\/wp-json\/wp\/v2\/posts\/8318\/revisions\/8321"}],"wp:featuredmedia":[{"embeddable":true,"href":"https:\/\/atletismoviana.pt\/aavc\/wp-json\/wp\/v2\/media\/8319"}],"wp:attachment":[{"href":"https:\/\/atletismoviana.pt\/aavc\/wp-json\/wp\/v2\/media?parent=8318"}],"wp:term":[{"taxonomy":"category","embeddable":true,"href":"https:\/\/atletismoviana.pt\/aavc\/wp-json\/wp\/v2\/categories?post=8318"},{"taxonomy":"post_tag","embeddable":true,"href":"https:\/\/atletismoviana.pt\/aavc\/wp-json\/wp\/v2\/tags?post=8318"}],"curies":[{"name":"wp","href":"https:\/\/api.w.org\/{rel}","templated":true}]}}