{"id":8406,"date":"2026-01-20T18:52:25","date_gmt":"2026-01-20T18:52:25","guid":{"rendered":"https:\/\/atletismoviana.pt\/aavc\/?p=8406"},"modified":"2026-01-20T18:52:30","modified_gmt":"2026-01-20T18:52:30","slug":"campeonato-da-zona-norte-e-regional-absoluto","status":"publish","type":"post","link":"https:\/\/atletismoviana.pt\/aavc\/2026\/01\/20\/campeonato-da-zona-norte-e-regional-absoluto\/","title":{"rendered":"Campeonato da Zona Norte e Regional Absoluto"},"content":{"rendered":"\n<figure class=\"wp-block-image size-large\"><img loading=\"lazy\" decoding=\"async\" width=\"1365\" height=\"767\" src=\"https:\/\/atletismoviana.pt\/aavc\/wp-content\/uploads\/2026\/01\/Campeonato-absoluto-regional-edited.jpg\" alt=\"campeonato regional absoluto\" class=\"wp-image-8408\" srcset=\"https:\/\/atletismoviana.pt\/aavc\/wp-content\/uploads\/2026\/01\/Campeonato-absoluto-regional-edited.jpg 1365w, https:\/\/atletismoviana.pt\/aavc\/wp-content\/uploads\/2026\/01\/Campeonato-absoluto-regional-edited-300x169.jpg 300w, https:\/\/atletismoviana.pt\/aavc\/wp-content\/uploads\/2026\/01\/Campeonato-absoluto-regional-edited-1024x575.jpg 1024w, https:\/\/atletismoviana.pt\/aavc\/wp-content\/uploads\/2026\/01\/Campeonato-absoluto-regional-edited-768x432.jpg 768w\" sizes=\"auto, (max-width: 1365px) 100vw, 1365px\" \/><figcaption class=\"wp-element-caption\">Foto: <a href=\"https:\/\/www.instagram.com\/mfportefolio\/\">https:\/\/www.instagram.com\/mfportefolio\/<\/a> <\/figcaption><\/figure>\n\n\n\n<div style=\"height:20px\" aria-hidden=\"true\" class=\"wp-block-spacer\"><\/div>\n\n\n\n<p class=\"has-medium-font-size\">O Campeonato da Zona Norte e Regional Absoluto de Pista Curta realizou-se no passado fim de semana, em Braga, reunindo a elite do atletismo do Norte do pa\u00eds numa competi\u00e7\u00e3o marcada por elevado n\u00edvel t\u00e9cnico e excelentes presta\u00e7\u00f5es individuais e coletivas.<\/p>\n\n\n\n<p class=\"has-medium-font-size\">Os atletas da regi\u00e3o de Viana do Castelo estiveram em grande destaque, com v\u00e1rios t\u00edtulos conquistados em simult\u00e2neo no Campeonato da Zona Norte e no Campeonato Regional Absoluto, confirmando a competitividade e qualidade do atletismo regional.<\/p>\n\n\n\n<div style=\"height:20px\" aria-hidden=\"true\" class=\"wp-block-spacer\"><\/div>\n\n\n\n<p class=\"has-medium-font-size\">Entre os principais resultados, destacam-se:<\/p>\n\n\n\n<ul class=\"wp-block-list\">\n<li class=\"has-medium-font-size\">Celina Peneda (ACDAV) \u2013 vencedora no salto em altura e no triplo salto, com a marca de 11,39 m<\/li>\n\n\n\n<li class=\"has-medium-font-size\">Juliana Galv\u00e3o (ACDAV) \u2013 1.\u00ba lugar nos 3000 m marcha, com o tempo de 14:35.05<\/li>\n\n\n\n<li class=\"has-medium-font-size\">Alicia Merino (CAM-VC) \u2013 vencedora no lan\u00e7amento do peso, com 12,52 m<\/li>\n\n\n\n<li class=\"has-medium-font-size\">Ussumani Djumo (CAOV) \u2013 1.\u00ba lugar nos 60 m barreiras, com 8,17 s<\/li>\n\n\n\n<li class=\"has-medium-font-size\">Paulo Freitas (CAOV) \u2013 vencedor no triplo salto, com 14,47 m<\/li>\n\n\n\n<li class=\"has-medium-font-size\">Afonso Concei\u00e7\u00e3o (CAOV) \u2013 1.\u00ba lugar nos 400 m, com o tempo de 50,06 s<\/li>\n\n\n\n<li class=\"has-medium-font-size\">Estafeta 4&#215;200 m do CAOV \u2013 vit\u00f3ria com o tempo de 1:31.62<\/li>\n\n\n\n<li class=\"has-medium-font-size\">CAOV \u2013 1.\u00ba lugar coletivo masculino, com um total de 87 pontos<\/li>\n<\/ul>\n\n\n\n<div style=\"height:20px\" aria-hidden=\"true\" class=\"wp-block-spacer\"><\/div>\n\n\n\n<p class=\"has-medium-font-size\">Nota para Alicia Merino, cujo resultado contou para o Campeonato da Zona Norte, mas n\u00e3o foi eleg\u00edvel para o Campeonato Regional, por se tratar de uma atleta estrangeira.<\/p>\n\n\n\n<p class=\"has-medium-font-size\">O balan\u00e7o final foi extremamente positivo, com t\u00edtulos, p\u00f3dios e presta\u00e7\u00f5es de elevado n\u00edvel, refor\u00e7ando o bom momento vivido pelo atletismo da regi\u00e3o de Viana do Castelo em competi\u00e7\u00f5es de \u00e2mbito regional e inter-regional.<\/p>\n\n\n\n<div style=\"height:20px\" aria-hidden=\"true\" class=\"wp-block-spacer\"><\/div>\n\n\n\n<p class=\"has-medium-font-size\">Resultados dispon\u00edveis no site da <a href=\"https:\/\/fpacompeticoes.pt\/5541\/competicao\">FPA Competi\u00e7\u00f5es<\/a><\/p>\n\n\n\n<p><strong>Pelo Atletismo, para os Atletas, com os Clubes<\/strong><\/p>\n\n\n\n<p><\/p>\n","protected":false},"excerpt":{"rendered":"<p>O Campeonato da Zona Norte e Regional Absoluto de Pista Curta realizou-se no passado fim de semana, em Braga, reunindo a elite do atletismo do Norte do pa\u00eds numa competi\u00e7\u00e3o marcada por elevado n\u00edvel t\u00e9cnico e excelentes presta\u00e7\u00f5es individuais e coletivas. Os atletas da regi\u00e3o de Viana do Castelo estiveram em grande destaque, com v\u00e1rios [&hellip;]<\/p>\n","protected":false},"author":1,"featured_media":8407,"comment_status":"closed","ping_status":"closed","sticky":false,"template":"","format":"standard","meta":{"footnotes":""},"categories":[18],"tags":[],"class_list":["post-8406","post","type-post","status-publish","format-standard","has-post-thumbnail","hentry","category-noticias"],"_links":{"self":[{"href":"https:\/\/atletismoviana.pt\/aavc\/wp-json\/wp\/v2\/posts\/8406","targetHints":{"allow":["GET"]}}],"collection":[{"href":"https:\/\/atletismoviana.pt\/aavc\/wp-json\/wp\/v2\/posts"}],"about":[{"href":"https:\/\/atletismoviana.pt\/aavc\/wp-json\/wp\/v2\/types\/post"}],"author":[{"embeddable":true,"href":"https:\/\/atletismoviana.pt\/aavc\/wp-json\/wp\/v2\/users\/1"}],"replies":[{"embeddable":true,"href":"https:\/\/atletismoviana.pt\/aavc\/wp-json\/wp\/v2\/comments?post=8406"}],"version-history":[{"count":1,"href":"https:\/\/atletismoviana.pt\/aavc\/wp-json\/wp\/v2\/posts\/8406\/revisions"}],"predecessor-version":[{"id":8409,"href":"https:\/\/atletismoviana.pt\/aavc\/wp-json\/wp\/v2\/posts\/8406\/revisions\/8409"}],"wp:featuredmedia":[{"embeddable":true,"href":"https:\/\/atletismoviana.pt\/aavc\/wp-json\/wp\/v2\/media\/8407"}],"wp:attachment":[{"href":"https:\/\/atletismoviana.pt\/aavc\/wp-json\/wp\/v2\/media?parent=8406"}],"wp:term":[{"taxonomy":"category","embeddable":true,"href":"https:\/\/atletismoviana.pt\/aavc\/wp-json\/wp\/v2\/categories?post=8406"},{"taxonomy":"post_tag","embeddable":true,"href":"https:\/\/atletismoviana.pt\/aavc\/wp-json\/wp\/v2\/tags?post=8406"}],"curies":[{"name":"wp","href":"https:\/\/api.w.org\/{rel}","templated":true}]}}