{"id":8776,"date":"2026-03-02T12:39:25","date_gmt":"2026-03-02T12:39:25","guid":{"rendered":"https:\/\/atletismoviana.pt\/aavc\/?p=8776"},"modified":"2026-03-02T12:42:54","modified_gmt":"2026-03-02T12:42:54","slug":"campeonatos-de-portugal-de-pista-curta-braga","status":"publish","type":"post","link":"https:\/\/atletismoviana.pt\/aavc\/2026\/03\/02\/campeonatos-de-portugal-de-pista-curta-braga\/","title":{"rendered":"Campeonatos de Portugal de Pista Curta \u2013 Braga"},"content":{"rendered":"\n<figure class=\"wp-block-image size-large\"><img loading=\"lazy\" decoding=\"async\" width=\"1365\" height=\"767\" src=\"https:\/\/atletismoviana.pt\/aavc\/wp-content\/uploads\/2026\/03\/aavc-camp-portugal-pc-edited.jpg\" alt=\"campeonatos de portugal - pista curta\" class=\"wp-image-8778\" srcset=\"https:\/\/atletismoviana.pt\/aavc\/wp-content\/uploads\/2026\/03\/aavc-camp-portugal-pc-edited.jpg 1365w, https:\/\/atletismoviana.pt\/aavc\/wp-content\/uploads\/2026\/03\/aavc-camp-portugal-pc-edited-300x169.jpg 300w, https:\/\/atletismoviana.pt\/aavc\/wp-content\/uploads\/2026\/03\/aavc-camp-portugal-pc-edited-1024x575.jpg 1024w, https:\/\/atletismoviana.pt\/aavc\/wp-content\/uploads\/2026\/03\/aavc-camp-portugal-pc-edited-768x432.jpg 768w\" sizes=\"auto, (max-width: 1365px) 100vw, 1365px\" \/><figcaption class=\"wp-element-caption\">Cr\u00e9ditos: FPA\/CVPhotos<\/figcaption><\/figure>\n\n\n\n<div style=\"height:20px\" aria-hidden=\"true\" class=\"wp-block-spacer\"><\/div>\n\n\n\n<p class=\"has-colibri-color-6-color has-text-color has-link-color has-medium-font-size wp-elements-1 wp-block-paragraph\">Realizaram-se, no passado fim de semana, em Braga, os Campeonatos de Portugal de Pista Curta, competi\u00e7\u00e3o que reuniu os melhores atletas nacionais nos escal\u00f5es Sub-23 e Absoluto. A representa\u00e7\u00e3o vianense voltou a evidenciar-se com presta\u00e7\u00f5es de elevado n\u00edvel competitivo e v\u00e1rios recordes regionais.<\/p>\n\n\n\n<div style=\"height:20px\" aria-hidden=\"true\" class=\"wp-block-spacer\"><\/div>\n\n\n\n<h3 class=\"wp-block-heading has-colibri-color-6-color has-text-color has-link-color wp-elements-2\"><strong>Sub-23<\/strong><\/h3>\n\n\n\n<p class=\"has-colibri-color-6-color has-text-color has-link-color has-medium-font-size wp-elements-3 wp-block-paragraph\">Destaque vai para <strong>Lara Rego<\/strong>, que se sagrou <strong>Campe\u00e3 Nacional de Pentatlo Sub-23<\/strong>, somando 3139 pontos e confirmando a sua consist\u00eancia nas provas combinadas.<\/p>\n\n\n\n<p class=\"has-colibri-color-6-color has-text-color has-link-color has-medium-font-size wp-elements-4 wp-block-paragraph\">Nos 200 metros, dupla presen\u00e7a no p\u00f3dio:<\/p>\n\n\n\n<ul class=\"wp-block-list\">\n<li class=\"has-colibri-color-6-color has-text-color has-link-color has-medium-font-size wp-elements-5\"><strong>David Pereira<\/strong> conquistou a medalha de prata com 22,61s.<br><\/li>\n\n\n\n<li class=\"has-colibri-color-6-color has-text-color has-link-color has-medium-font-size wp-elements-6\"><strong>Afonso Concei\u00e7\u00e3o<\/strong> foi terceiro classificado com 22,78s.<br><\/li>\n<\/ul>\n\n\n\n<p class=\"has-colibri-color-6-color has-text-color has-link-color has-medium-font-size wp-elements-7 wp-block-paragraph\">Afonso Concei\u00e7\u00e3o voltou ainda a subir ao p\u00f3dio nos 400 metros, garantindo o terceiro lugar com 49,65s.<\/p>\n\n\n\n<p class=\"has-colibri-color-6-color has-text-color has-link-color has-medium-font-size wp-elements-8 wp-block-paragraph\">Na estafeta, o <strong>CAOV<\/strong> alcan\u00e7ou o <strong>3.\u00ba lugar nos 4x400m Sub-23<\/strong>, com o tempo de 3:26,90.<\/p>\n\n\n\n<div style=\"height:20px\" aria-hidden=\"true\" class=\"wp-block-spacer\"><\/div>\n\n\n\n<hr class=\"wp-block-separator has-alpha-channel-opacity\"\/>\n\n\n\n<h3 class=\"wp-block-heading\"><strong>Absolutos<\/strong><\/h3>\n\n\n\n<p class=\"has-colibri-color-6-color has-text-color has-link-color has-medium-font-size wp-elements-9 wp-block-paragraph\">No escal\u00e3o absoluto, os atletas da regi\u00e3o estiveram igualmente em plano de destaque.<\/p>\n\n\n\n<p class=\"has-colibri-color-6-color has-text-color has-link-color has-medium-font-size wp-elements-10 wp-block-paragraph\"><strong>Juliana Galv\u00e3o<\/strong> terminou em 5.\u00ba lugar nos 3000m Marcha, com 14:14.27, estabelecendo um <strong>novo Recorde Regional<\/strong>.<\/p>\n\n\n\n<p class=\"has-colibri-color-6-color has-text-color has-link-color has-medium-font-size wp-elements-11 wp-block-paragraph\">Tamb\u00e9m <strong>Ussumani Djumo<\/strong> fixou um <strong>novo Recorde Regional<\/strong> nos 60m barreiras, ao alcan\u00e7ar 7,96s nas eliminat\u00f3rias, terminando a final na 4.\u00aa posi\u00e7\u00e3o.<\/p>\n\n\n\n<p class=\"has-colibri-color-6-color has-text-color has-link-color has-medium-font-size wp-elements-12 wp-block-paragraph\">Ainda em posi\u00e7\u00f5es de relevo:<\/p>\n\n\n\n<ul class=\"wp-block-list\">\n<li class=\"has-colibri-color-6-color has-text-color has-link-color has-medium-font-size wp-elements-13\"><strong>Ricardo Pedra<\/strong> foi 4.\u00ba classificado nos 1500m (3:51.87).<br><\/li>\n\n\n\n<li class=\"has-colibri-color-6-color has-text-color has-link-color has-medium-font-size wp-elements-14\"><strong>Celina Peneda<\/strong> alcan\u00e7ou o 4.\u00ba lugar no Pentatlo, com 3730 pontos.<br><\/li>\n\n\n\n<li class=\"has-colibri-color-6-color has-text-color has-link-color has-medium-font-size wp-elements-15\"><strong>Benedita Amorim<\/strong> terminou em 5.\u00ba lugar no Salto com Vara, com a marca de 3,20m.<br><\/li>\n<\/ul>\n\n\n\n<hr class=\"wp-block-separator has-alpha-channel-opacity\"\/>\n\n\n\n<div style=\"height:20px\" aria-hidden=\"true\" class=\"wp-block-spacer\"><\/div>\n\n\n\n<p class=\"has-colibri-color-6-color has-text-color has-link-color has-medium-font-size wp-elements-16 wp-block-paragraph\">Os resultados alcan\u00e7ados confirmam a competitividade dos atletas vianenses no panorama nacional e evidenciam a consist\u00eancia do trabalho t\u00e9cnico que tem vindo a ser desenvolvido na regi\u00e3o.<\/p>\n\n\n\n<div style=\"height:20px\" aria-hidden=\"true\" class=\"wp-block-spacer\"><\/div>\n\n\n\n<p class=\"has-medium-font-size wp-block-paragraph\">Resultados completos no site da FPA<br><a href=\"https:\/\/fpacompeticoes.pt\/5714\/competicao\">https:\/\/fpacompeticoes.pt\/5714\/competicao<\/a>&nbsp;<\/p>\n","protected":false},"excerpt":{"rendered":"<p>Realizaram-se, no passado fim de semana, em Braga, os Campeonatos de Portugal de Pista Curta, competi\u00e7\u00e3o que reuniu os melhores atletas nacionais nos escal\u00f5es Sub-23 e Absoluto. A representa\u00e7\u00e3o vianense voltou a evidenciar-se com presta\u00e7\u00f5es de elevado n\u00edvel competitivo e v\u00e1rios recordes regionais. Sub-23 Destaque vai para Lara Rego, que se sagrou Campe\u00e3 Nacional de [&hellip;]<\/p>\n","protected":false},"author":1,"featured_media":8777,"comment_status":"closed","ping_status":"closed","sticky":false,"template":"","format":"standard","meta":{"footnotes":""},"categories":[18],"tags":[],"class_list":["post-8776","post","type-post","status-publish","format-standard","has-post-thumbnail","hentry","category-noticias"],"_links":{"self":[{"href":"https:\/\/atletismoviana.pt\/aavc\/wp-json\/wp\/v2\/posts\/8776","targetHints":{"allow":["GET"]}}],"collection":[{"href":"https:\/\/atletismoviana.pt\/aavc\/wp-json\/wp\/v2\/posts"}],"about":[{"href":"https:\/\/atletismoviana.pt\/aavc\/wp-json\/wp\/v2\/types\/post"}],"author":[{"embeddable":true,"href":"https:\/\/atletismoviana.pt\/aavc\/wp-json\/wp\/v2\/users\/1"}],"replies":[{"embeddable":true,"href":"https:\/\/atletismoviana.pt\/aavc\/wp-json\/wp\/v2\/comments?post=8776"}],"version-history":[{"count":2,"href":"https:\/\/atletismoviana.pt\/aavc\/wp-json\/wp\/v2\/posts\/8776\/revisions"}],"predecessor-version":[{"id":8781,"href":"https:\/\/atletismoviana.pt\/aavc\/wp-json\/wp\/v2\/posts\/8776\/revisions\/8781"}],"wp:featuredmedia":[{"embeddable":true,"href":"https:\/\/atletismoviana.pt\/aavc\/wp-json\/wp\/v2\/media\/8777"}],"wp:attachment":[{"href":"https:\/\/atletismoviana.pt\/aavc\/wp-json\/wp\/v2\/media?parent=8776"}],"wp:term":[{"taxonomy":"category","embeddable":true,"href":"https:\/\/atletismoviana.pt\/aavc\/wp-json\/wp\/v2\/categories?post=8776"},{"taxonomy":"post_tag","embeddable":true,"href":"https:\/\/atletismoviana.pt\/aavc\/wp-json\/wp\/v2\/tags?post=8776"}],"curies":[{"name":"wp","href":"https:\/\/api.w.org\/{rel}","templated":true}]}}