{"id":8789,"date":"2026-03-07T12:49:03","date_gmt":"2026-03-07T12:49:03","guid":{"rendered":"https:\/\/atletismoviana.pt\/aavc\/?p=8789"},"modified":"2026-03-07T14:48:23","modified_gmt":"2026-03-07T14:48:23","slug":"dois-atletas-vianenses-convocados-para-a-selecao-nacional-no-torneio-iberico-de-provas-combinadas","status":"publish","type":"post","link":"https:\/\/atletismoviana.pt\/aavc\/2026\/03\/07\/dois-atletas-vianenses-convocados-para-a-selecao-nacional-no-torneio-iberico-de-provas-combinadas\/","title":{"rendered":"Dois atletas vianenses convocados para a Sele\u00e7\u00e3o Nacional no Torneio Ib\u00e9rico de Provas Combinadas"},"content":{"rendered":"\n<figure class=\"wp-block-image size-large\"><img loading=\"lazy\" decoding=\"async\" width=\"1365\" height=\"767\" src=\"https:\/\/atletismoviana.pt\/aavc\/wp-content\/uploads\/2026\/03\/conv-provas-comb-edited.jpg\" alt=\"provas-combinadas\" class=\"wp-image-8791\" srcset=\"https:\/\/atletismoviana.pt\/aavc\/wp-content\/uploads\/2026\/03\/conv-provas-comb-edited.jpg 1365w, https:\/\/atletismoviana.pt\/aavc\/wp-content\/uploads\/2026\/03\/conv-provas-comb-edited-300x169.jpg 300w, https:\/\/atletismoviana.pt\/aavc\/wp-content\/uploads\/2026\/03\/conv-provas-comb-edited-1024x575.jpg 1024w, https:\/\/atletismoviana.pt\/aavc\/wp-content\/uploads\/2026\/03\/conv-provas-comb-edited-768x432.jpg 768w\" sizes=\"auto, (max-width: 1365px) 100vw, 1365px\" \/><\/figure>\n\n\n\n<div style=\"height:20px\" aria-hidden=\"true\" class=\"wp-block-spacer\"><\/div>\n\n\n\n<p class=\"has-colibri-color-6-color has-text-color has-link-color has-medium-font-size wp-elements-593c2a5ca4cdcb88a4f7a2dc16a4b05a\">A Federa\u00e7\u00e3o Portuguesa de Atletismo divulgou a convocat\u00f3ria da Sele\u00e7\u00e3o Nacional para o <strong>Torneio Ib\u00e9rico de Provas Combinadas<\/strong>, que ter\u00e1 lugar em <strong>Sarago\u00e7a, Espanha<\/strong>, nos dias <strong>28 e 29 de mar\u00e7o de 2026<\/strong>.<\/p>\n\n\n\n<p class=\"has-colibri-color-6-color has-text-color has-link-color has-medium-font-size wp-elements-dc18a20e727290c7c938a59a06a83a1a\">Entre os atletas selecionados est\u00e3o <strong>dois representantes de Viana do Castelo<\/strong>, que ir\u00e3o vestir as cores de Portugal numa das competi\u00e7\u00f5es internacionais mais relevantes do calend\u00e1rio ib\u00e9rico para as provas combinadas.<\/p>\n\n\n\n<div style=\"height:20px\" aria-hidden=\"true\" class=\"wp-block-spacer\"><\/div>\n\n\n\n<figure class=\"wp-block-image size-full is-resized\"><img loading=\"lazy\" decoding=\"async\" width=\"937\" height=\"502\" src=\"https:\/\/atletismoviana.pt\/aavc\/wp-content\/uploads\/2026\/03\/convocados_torneioiberico.png\" alt=\"\" class=\"wp-image-8792\" style=\"width:800px\" srcset=\"https:\/\/atletismoviana.pt\/aavc\/wp-content\/uploads\/2026\/03\/convocados_torneioiberico.png 937w, https:\/\/atletismoviana.pt\/aavc\/wp-content\/uploads\/2026\/03\/convocados_torneioiberico-300x161.png 300w, https:\/\/atletismoviana.pt\/aavc\/wp-content\/uploads\/2026\/03\/convocados_torneioiberico-768x411.png 768w\" sizes=\"auto, (max-width: 937px) 100vw, 937px\" \/><\/figure>\n\n\n\n<div style=\"height:20px\" aria-hidden=\"true\" class=\"wp-block-spacer\"><\/div>\n\n\n\n<p class=\"has-colibri-color-6-color has-text-color has-link-color has-medium-font-size wp-elements-20f2271499317dc576052957b17c6885\">O jovem <strong>Rodrigo Ferreira Alves<\/strong>, atleta do <strong>Clube de Atletismo Ol\u00edmpico Vianense (CAOV)<\/strong>, foi convocado para competir no <strong>Heptatlo Sub-20<\/strong>, continuando assim a afirmar-se como uma das promessas nacionais da disciplina.<\/p>\n\n\n\n<p class=\"has-colibri-color-6-color has-text-color has-link-color has-medium-font-size wp-elements-a757b648e23393e351cd21b3c21ebc64\">Tamb\u00e9m <strong>Celina Peneda<\/strong>, atleta da <strong>Academia Desportiva de Arcos de Valdevez<\/strong><strong> (ACDAV)<\/strong>, integra a convocat\u00f3ria nacional para disputar o <strong>Pentatlo no escal\u00e3o S\u00e9nior<\/strong>, refor\u00e7ando a presen\u00e7a vianense na sele\u00e7\u00e3o portuguesa.<\/p>\n\n\n\n<p class=\"has-medium-font-size\">Not\u00edcia original dispon\u00edvel no site da <a href=\"https:\/\/fpatletismo.pt\/atletismo\/geral\/2026\/03\/convocatoria-para-o-torneio-iberico-de-provas-combinadas-saragoca-2026\/\">FPA<\/a> .<\/p>\n","protected":false},"excerpt":{"rendered":"<p>A Federa\u00e7\u00e3o Portuguesa de Atletismo divulgou a convocat\u00f3ria da Sele\u00e7\u00e3o Nacional para o Torneio Ib\u00e9rico de Provas Combinadas, que ter\u00e1 lugar em Sarago\u00e7a, Espanha, nos dias 28 e 29 de mar\u00e7o de 2026. Entre os atletas selecionados est\u00e3o dois representantes de Viana do Castelo, que ir\u00e3o vestir as cores de Portugal numa das competi\u00e7\u00f5es internacionais [&hellip;]<\/p>\n","protected":false},"author":1,"featured_media":8790,"comment_status":"closed","ping_status":"closed","sticky":false,"template":"","format":"standard","meta":{"footnotes":""},"categories":[18],"tags":[],"class_list":["post-8789","post","type-post","status-publish","format-standard","has-post-thumbnail","hentry","category-noticias"],"_links":{"self":[{"href":"https:\/\/atletismoviana.pt\/aavc\/wp-json\/wp\/v2\/posts\/8789","targetHints":{"allow":["GET"]}}],"collection":[{"href":"https:\/\/atletismoviana.pt\/aavc\/wp-json\/wp\/v2\/posts"}],"about":[{"href":"https:\/\/atletismoviana.pt\/aavc\/wp-json\/wp\/v2\/types\/post"}],"author":[{"embeddable":true,"href":"https:\/\/atletismoviana.pt\/aavc\/wp-json\/wp\/v2\/users\/1"}],"replies":[{"embeddable":true,"href":"https:\/\/atletismoviana.pt\/aavc\/wp-json\/wp\/v2\/comments?post=8789"}],"version-history":[{"count":3,"href":"https:\/\/atletismoviana.pt\/aavc\/wp-json\/wp\/v2\/posts\/8789\/revisions"}],"predecessor-version":[{"id":8798,"href":"https:\/\/atletismoviana.pt\/aavc\/wp-json\/wp\/v2\/posts\/8789\/revisions\/8798"}],"wp:featuredmedia":[{"embeddable":true,"href":"https:\/\/atletismoviana.pt\/aavc\/wp-json\/wp\/v2\/media\/8790"}],"wp:attachment":[{"href":"https:\/\/atletismoviana.pt\/aavc\/wp-json\/wp\/v2\/media?parent=8789"}],"wp:term":[{"taxonomy":"category","embeddable":true,"href":"https:\/\/atletismoviana.pt\/aavc\/wp-json\/wp\/v2\/categories?post=8789"},{"taxonomy":"post_tag","embeddable":true,"href":"https:\/\/atletismoviana.pt\/aavc\/wp-json\/wp\/v2\/tags?post=8789"}],"curies":[{"name":"wp","href":"https:\/\/api.w.org\/{rel}","templated":true}]}}