{"id":8837,"date":"2026-03-09T08:22:01","date_gmt":"2026-03-09T08:22:01","guid":{"rendered":"https:\/\/atletismoviana.pt\/aavc\/?p=8837"},"modified":"2026-03-09T08:25:52","modified_gmt":"2026-03-09T08:25:52","slug":"atletas-vianenses-em-destaque-nos-campeonatos-de-portugal-masters-de-pista-curta","status":"publish","type":"post","link":"https:\/\/atletismoviana.pt\/aavc\/2026\/03\/09\/atletas-vianenses-em-destaque-nos-campeonatos-de-portugal-masters-de-pista-curta\/","title":{"rendered":"Atletas vianenses em destaque nos Campeonatos de Portugal Masters de Pista Curta"},"content":{"rendered":"\n<figure class=\"wp-block-image size-large\"><img loading=\"lazy\" decoding=\"async\" width=\"1365\" height=\"767\" src=\"https:\/\/atletismoviana.pt\/aavc\/wp-content\/uploads\/2026\/03\/camp-nac-masters-edited.jpg\" alt=\"campeonato nacional masters PC\" class=\"wp-image-8839\" srcset=\"https:\/\/atletismoviana.pt\/aavc\/wp-content\/uploads\/2026\/03\/camp-nac-masters-edited.jpg 1365w, https:\/\/atletismoviana.pt\/aavc\/wp-content\/uploads\/2026\/03\/camp-nac-masters-edited-300x169.jpg 300w, https:\/\/atletismoviana.pt\/aavc\/wp-content\/uploads\/2026\/03\/camp-nac-masters-edited-1024x575.jpg 1024w, https:\/\/atletismoviana.pt\/aavc\/wp-content\/uploads\/2026\/03\/camp-nac-masters-edited-768x432.jpg 768w\" sizes=\"auto, (max-width: 1365px) 100vw, 1365px\" \/><\/figure>\n\n\n\n<div style=\"height:20px\" aria-hidden=\"true\" class=\"wp-block-spacer\"><\/div>\n\n\n\n<p class=\"has-colibri-color-6-color has-text-color has-link-color has-medium-font-size wp-elements-e9de17e33e396a18c69b82f550506c47\">Realizaram-se nos dias <strong>7 e 8 de mar\u00e7o<\/strong>, em Lisboa, os <strong>Campeonatos de Portugal Masters de Pista Curta<\/strong>, competi\u00e7\u00e3o que reuniu atletas de todo o pa\u00eds e onde os clubes do distrito de Viana do Castelo voltaram a marcar presen\u00e7a com excelentes resultados.<\/p>\n\n\n\n<p class=\"has-colibri-color-6-color has-text-color has-link-color has-medium-font-size wp-elements-71f2b1d653bd2424420c7dea23a007f2\">V\u00e1rios atletas vianenses subiram ao p\u00f3dio, demonstrando a vitalidade e competitividade do atletismo master da regi\u00e3o.<\/p>\n\n\n\n<h3 class=\"wp-block-heading has-colibri-color-6-color has-text-color has-link-color has-medium-font-size wp-elements-0863dfd1105bd486b4db110d2b632e62\"><strong>GD Castelense<\/strong><\/h3>\n\n\n\n<ul class=\"wp-block-list\">\n<li class=\"has-colibri-color-6-color has-text-color has-link-color has-medium-font-size wp-elements-457214896896c61a482f15ba82835ba9\"><strong>Paulo Lages<\/strong> \u2013 3.\u00ba lugar nos <strong>800m<\/strong><strong><br><\/strong><\/li>\n<\/ul>\n\n\n\n<h3 class=\"wp-block-heading has-colibri-color-6-color has-text-color has-link-color has-medium-font-size wp-elements-3d88b9ec5e03631832c94a0feb1748e9\"><strong>GJ Vila de Punhe<\/strong><\/h3>\n\n\n\n<ul class=\"wp-block-list\">\n<li class=\"has-colibri-color-6-color has-text-color has-link-color has-medium-font-size wp-elements-a8432f49348e060ce99eff0bd6572695\"><strong>S\u00e9rgio Lima<\/strong> \u2013 1.\u00ba lugar nos <strong>60m barreiras<\/strong><strong><br><\/strong><\/li>\n\n\n\n<li class=\"has-colibri-color-6-color has-text-color has-link-color has-medium-font-size wp-elements-4ffd92e4b16ab535d22d810a7f9910cf\"><strong>F\u00e1tima Dantas<\/strong> \u2013 2.\u00ba lugar nos <strong>1500m<\/strong> e <strong>3000m<\/strong><strong><br><\/strong><\/li>\n\n\n\n<li class=\"has-colibri-color-6-color has-text-color has-link-color has-medium-font-size wp-elements-8ce9208ebcb99fcff84c34cc3616bdfb\"><strong>Fernando Grilo<\/strong> \u2013 2.\u00ba lugar nos <strong>3000m<\/strong><strong><br><\/strong><\/li>\n\n\n\n<li class=\"has-colibri-color-6-color has-text-color has-link-color has-medium-font-size wp-elements-f3ad472180786770619c2e6f7ea68ebf\"><strong>Marlene Puga<\/strong> \u2013 3.\u00ba lugar nos <strong>3000m<\/strong><strong><br><\/strong><\/li>\n<\/ul>\n\n\n\n<h3 class=\"wp-block-heading has-colibri-color-6-color has-text-color has-link-color has-medium-font-size wp-elements-7c47326f8afaf69f3b69023cc4cb954a\"><strong>CA Mazarefes<\/strong><\/h3>\n\n\n\n<ul class=\"wp-block-list\">\n<li class=\"has-colibri-color-6-color has-text-color has-link-color has-medium-font-size wp-elements-496fd8f6b43ac89970da09cc6b609d2f\"><strong>Vanessa Sousa<\/strong> \u2013 3.\u00ba lugar nos <strong>3000m<\/strong><strong><br><\/strong><\/li>\n\n\n\n<li class=\"has-colibri-color-6-color has-text-color has-link-color has-medium-font-size wp-elements-99683b72d07d38b803fc6bece1b6ffe1\"><strong>S\u00e9rgio Carmo<\/strong> \u2013 1.\u00ba lugar nos <strong>400m<\/strong> e 3.\u00ba lugar nos <strong>800m<\/strong><strong><br><\/strong><\/li>\n\n\n\n<li class=\"has-colibri-color-6-color has-text-color has-link-color has-medium-font-size wp-elements-ad2bdc941cf75769468ce4102d101fa5\"><strong>Luciano Faria<\/strong> \u2013 2.\u00ba lugar nos <strong>800m<\/strong><strong><br><\/strong><\/li>\n\n\n\n<li class=\"has-colibri-color-6-color has-text-color has-link-color has-medium-font-size wp-elements-6a3ff3ada73455aa5b4ef757a3229bd1\"><strong>Domingos Barros<\/strong> \u2013 3.\u00ba lugar nos <strong>3000m<\/strong><strong><br><\/strong><\/li>\n\n\n\n<li class=\"has-colibri-color-6-color has-text-color has-link-color has-medium-font-size wp-elements-16d641e341af9e2c19a72d5d1a6dcfe0\"><strong>H\u00e9lder Coutinho<\/strong> \u2013 1.\u00ba lugar no <strong>Triplo Salto<\/strong> e no <strong>Salto em Altura<\/strong>, e 2.\u00ba lugar no <strong>Salto com Vara<\/strong><strong><br><\/strong><\/li>\n\n\n\n<li class=\"has-colibri-color-6-color has-text-color has-link-color has-medium-font-size wp-elements-f6330cf62c8f313de7ea7030a07e2d47\"><strong>Joel Maltez<\/strong> \u2013 2.\u00ba lugar nos <strong>60m barreiras<\/strong><strong><br><\/strong><\/li>\n<\/ul>\n\n\n\n<div style=\"height:20px\" aria-hidden=\"true\" class=\"wp-block-spacer\"><\/div>\n\n\n\n<p class=\"has-colibri-color-6-color has-text-color has-link-color has-medium-font-size wp-elements-5260212e97222c494fbda8268431485d\">Os resultados alcan\u00e7ados evidenciam o forte contributo dos atletas masters para o atletismo regional, continuando a demonstrar que a dedica\u00e7\u00e3o e a paix\u00e3o pela modalidade n\u00e3o t\u00eam idade.&nbsp;<\/p>\n\n\n\n<p class=\"has-colibri-color-6-color has-text-color has-link-color has-medium-font-size wp-elements-85050815d6b3323545e55ef0d6ea5ad5\"><strong>Pelo Atletismo, para os Atletas, com os Clubes.<\/strong><\/p>\n","protected":false},"excerpt":{"rendered":"<p>Realizaram-se nos dias 7 e 8 de mar\u00e7o, em Lisboa, os Campeonatos de Portugal Masters de Pista Curta, competi\u00e7\u00e3o que reuniu atletas de todo o pa\u00eds e onde os clubes do distrito de Viana do Castelo voltaram a marcar presen\u00e7a com excelentes resultados. V\u00e1rios atletas vianenses subiram ao p\u00f3dio, demonstrando a vitalidade e competitividade do [&hellip;]<\/p>\n","protected":false},"author":1,"featured_media":8838,"comment_status":"closed","ping_status":"closed","sticky":false,"template":"","format":"standard","meta":{"footnotes":""},"categories":[18],"tags":[],"class_list":["post-8837","post","type-post","status-publish","format-standard","has-post-thumbnail","hentry","category-noticias"],"_links":{"self":[{"href":"https:\/\/atletismoviana.pt\/aavc\/wp-json\/wp\/v2\/posts\/8837","targetHints":{"allow":["GET"]}}],"collection":[{"href":"https:\/\/atletismoviana.pt\/aavc\/wp-json\/wp\/v2\/posts"}],"about":[{"href":"https:\/\/atletismoviana.pt\/aavc\/wp-json\/wp\/v2\/types\/post"}],"author":[{"embeddable":true,"href":"https:\/\/atletismoviana.pt\/aavc\/wp-json\/wp\/v2\/users\/1"}],"replies":[{"embeddable":true,"href":"https:\/\/atletismoviana.pt\/aavc\/wp-json\/wp\/v2\/comments?post=8837"}],"version-history":[{"count":2,"href":"https:\/\/atletismoviana.pt\/aavc\/wp-json\/wp\/v2\/posts\/8837\/revisions"}],"predecessor-version":[{"id":8841,"href":"https:\/\/atletismoviana.pt\/aavc\/wp-json\/wp\/v2\/posts\/8837\/revisions\/8841"}],"wp:featuredmedia":[{"embeddable":true,"href":"https:\/\/atletismoviana.pt\/aavc\/wp-json\/wp\/v2\/media\/8838"}],"wp:attachment":[{"href":"https:\/\/atletismoviana.pt\/aavc\/wp-json\/wp\/v2\/media?parent=8837"}],"wp:term":[{"taxonomy":"category","embeddable":true,"href":"https:\/\/atletismoviana.pt\/aavc\/wp-json\/wp\/v2\/categories?post=8837"},{"taxonomy":"post_tag","embeddable":true,"href":"https:\/\/atletismoviana.pt\/aavc\/wp-json\/wp\/v2\/tags?post=8837"}],"curies":[{"name":"wp","href":"https:\/\/api.w.org\/{rel}","templated":true}]}}