{"id":8859,"date":"2026-03-16T21:38:27","date_gmt":"2026-03-16T21:38:27","guid":{"rendered":"https:\/\/atletismoviana.pt\/aavc\/?p=8859"},"modified":"2026-03-16T21:38:51","modified_gmt":"2026-03-16T21:38:51","slug":"melgaco-alvarinho-trail-2026-reuniu-mais-de-300-atletas","status":"publish","type":"post","link":"https:\/\/atletismoviana.pt\/aavc\/2026\/03\/16\/melgaco-alvarinho-trail-2026-reuniu-mais-de-300-atletas\/","title":{"rendered":"Melga\u00e7o Alvarinho Trail 2026 reuniu mais de 300 atletas"},"content":{"rendered":"\n<figure class=\"wp-block-image size-large\"><img loading=\"lazy\" decoding=\"async\" width=\"1365\" height=\"767\" src=\"https:\/\/atletismoviana.pt\/aavc\/wp-content\/uploads\/2026\/03\/trail-melgaco-02-edited.jpg\" alt=\"melga\u00e7o e alvarinho trail 2026\" class=\"wp-image-8861\" srcset=\"https:\/\/atletismoviana.pt\/aavc\/wp-content\/uploads\/2026\/03\/trail-melgaco-02-edited.jpg 1365w, https:\/\/atletismoviana.pt\/aavc\/wp-content\/uploads\/2026\/03\/trail-melgaco-02-edited-300x169.jpg 300w, https:\/\/atletismoviana.pt\/aavc\/wp-content\/uploads\/2026\/03\/trail-melgaco-02-edited-1024x575.jpg 1024w, https:\/\/atletismoviana.pt\/aavc\/wp-content\/uploads\/2026\/03\/trail-melgaco-02-edited-768x432.jpg 768w\" sizes=\"auto, (max-width: 1365px) 100vw, 1365px\" \/><\/figure>\n\n\n\n<div style=\"height:20px\" aria-hidden=\"true\" class=\"wp-block-spacer\"><\/div>\n\n\n\n<p class=\"has-colibri-color-6-color has-text-color has-link-color has-medium-font-size wp-elements-dbc97657b367f2fd24281e64c427d305\">Realizou-se mais uma edi\u00e7\u00e3o do <strong>Melga\u00e7o Alvarinho Trail 2026<\/strong>, que integrou a <strong>4.\u00aa prova do Campeonato Regional de Trail<\/strong>, reunindo <strong>mais de 300 atletas<\/strong> nos trilhos de Melga\u00e7o.<\/p>\n\n\n\n<p class=\"has-colibri-color-6-color has-text-color has-link-color has-medium-font-size wp-elements-711c1c8f7f8b53cbf2e7669f793cc94c\">A competi\u00e7\u00e3o contou com provas de <strong>Ultra Trail, Trail Longo e Trail Sprint<\/strong>, proporcionando um dia de grande exig\u00eancia desportiva e forte participa\u00e7\u00e3o.<\/p>\n\n\n\n<div style=\"height:20px\" aria-hidden=\"true\" class=\"wp-block-spacer\"><\/div>\n\n\n\n<p class=\"has-colibri-color-6-color has-text-color has-link-color has-medium-font-size wp-elements-66e927f5fa41d8aa61d27e4cd2d626af\"><strong>Vencedores da prova:<\/strong><\/p>\n\n\n\n<p class=\"has-colibri-color-6-color has-text-color has-link-color has-medium-font-size wp-elements-ec8d726a6227a7b7b9784c0d6143e5d4\"><strong>Ultra Trail<\/strong><strong><br><\/strong>Nuno Guimar\u00e3es (EDV \u2013 Viana Trail)<br>Sandrina Gomes (ACDAV)<\/p>\n\n\n\n<p class=\"has-colibri-color-6-color has-text-color has-link-color has-medium-font-size wp-elements-68e3d69dd53bd4a2f23311dea18c7f08\"><strong>Trail Longo<\/strong><strong><br><\/strong>Bruno Sousa (AMLT)<br>Carla Pereira (Saca Trilhos de Anadia)<\/p>\n\n\n\n<p class=\"has-colibri-color-6-color has-text-color has-link-color has-medium-font-size wp-elements-a54e4d91603c390efe31179515610491\"><strong>Trail Sprint<\/strong><strong><br><\/strong>Filipe Azevedo (AMLT)<br>Rita Costa (Individual)<\/p>\n\n\n\n<div style=\"height:20px\" aria-hidden=\"true\" class=\"wp-block-spacer\"><\/div>\n\n\n\n<p class=\"has-colibri-color-6-color has-text-color has-link-color has-medium-font-size wp-elements-d55445e6a148608a555a5db355d291e0\">A prova voltou a afirmar-se como uma das etapas de refer\u00eancia do calend\u00e1rio regional de trail, destacando-se pela forte ades\u00e3o e pela qualidade competitiva dos participantes.<\/p>\n\n\n\n<p class=\"has-medium-font-size\">Resultados completos dispon\u00edveis em:<br><a href=\"https:\/\/results.stopandgo.pro\/1850\">https:\/\/results.stopandgo.pro\/1850<\/a>&nbsp;<\/p>\n\n\n\n<p class=\"has-colibri-color-6-color has-text-color has-link-color has-medium-font-size wp-elements-85050815d6b3323545e55ef0d6ea5ad5\"><strong>Pelo Atletismo, para os Atletas, com os Clubes.<\/strong><\/p>\n","protected":false},"excerpt":{"rendered":"<p>Realizou-se mais uma edi\u00e7\u00e3o do Melga\u00e7o Alvarinho Trail 2026, que integrou a 4.\u00aa prova do Campeonato Regional de Trail, reunindo mais de 300 atletas nos trilhos de Melga\u00e7o. A competi\u00e7\u00e3o contou com provas de Ultra Trail, Trail Longo e Trail Sprint, proporcionando um dia de grande exig\u00eancia desportiva e forte participa\u00e7\u00e3o. Vencedores da prova: Ultra [&hellip;]<\/p>\n","protected":false},"author":1,"featured_media":8860,"comment_status":"closed","ping_status":"closed","sticky":false,"template":"","format":"standard","meta":{"footnotes":""},"categories":[18],"tags":[60,75],"class_list":["post-8859","post","type-post","status-publish","format-standard","has-post-thumbnail","hentry","category-noticias","tag-aavc","tag-trail"],"_links":{"self":[{"href":"https:\/\/atletismoviana.pt\/aavc\/wp-json\/wp\/v2\/posts\/8859","targetHints":{"allow":["GET"]}}],"collection":[{"href":"https:\/\/atletismoviana.pt\/aavc\/wp-json\/wp\/v2\/posts"}],"about":[{"href":"https:\/\/atletismoviana.pt\/aavc\/wp-json\/wp\/v2\/types\/post"}],"author":[{"embeddable":true,"href":"https:\/\/atletismoviana.pt\/aavc\/wp-json\/wp\/v2\/users\/1"}],"replies":[{"embeddable":true,"href":"https:\/\/atletismoviana.pt\/aavc\/wp-json\/wp\/v2\/comments?post=8859"}],"version-history":[{"count":2,"href":"https:\/\/atletismoviana.pt\/aavc\/wp-json\/wp\/v2\/posts\/8859\/revisions"}],"predecessor-version":[{"id":8863,"href":"https:\/\/atletismoviana.pt\/aavc\/wp-json\/wp\/v2\/posts\/8859\/revisions\/8863"}],"wp:featuredmedia":[{"embeddable":true,"href":"https:\/\/atletismoviana.pt\/aavc\/wp-json\/wp\/v2\/media\/8860"}],"wp:attachment":[{"href":"https:\/\/atletismoviana.pt\/aavc\/wp-json\/wp\/v2\/media?parent=8859"}],"wp:term":[{"taxonomy":"category","embeddable":true,"href":"https:\/\/atletismoviana.pt\/aavc\/wp-json\/wp\/v2\/categories?post=8859"},{"taxonomy":"post_tag","embeddable":true,"href":"https:\/\/atletismoviana.pt\/aavc\/wp-json\/wp\/v2\/tags?post=8859"}],"curies":[{"name":"wp","href":"https:\/\/api.w.org\/{rel}","templated":true}]}}