{"id":9212,"date":"2026-04-27T08:50:51","date_gmt":"2026-04-27T08:50:51","guid":{"rendered":"https:\/\/atletismoviana.pt\/aavc\/?p=9212"},"modified":"2026-04-27T08:50:51","modified_gmt":"2026-04-27T08:50:51","slug":"torneio-nacional-atleta-completo-ponta-delgada","status":"publish","type":"post","link":"https:\/\/atletismoviana.pt\/aavc\/2026\/04\/27\/torneio-nacional-atleta-completo-ponta-delgada\/","title":{"rendered":"Torneio Nacional Atleta Completo \u2013 Ponta Delgada"},"content":{"rendered":"\n<figure class=\"wp-block-image size-large\"><img loading=\"lazy\" decoding=\"async\" width=\"1024\" height=\"671\" src=\"https:\/\/atletismoviana.pt\/aavc\/wp-content\/uploads\/2026\/04\/Web-atleta-completo-1024x671.webp\" alt=\"\" class=\"wp-image-9213\" srcset=\"https:\/\/atletismoviana.pt\/aavc\/wp-content\/uploads\/2026\/04\/Web-atleta-completo-1024x671.webp 1024w, https:\/\/atletismoviana.pt\/aavc\/wp-content\/uploads\/2026\/04\/Web-atleta-completo-300x196.webp 300w, https:\/\/atletismoviana.pt\/aavc\/wp-content\/uploads\/2026\/04\/Web-atleta-completo-768x503.webp 768w, https:\/\/atletismoviana.pt\/aavc\/wp-content\/uploads\/2026\/04\/Web-atleta-completo.webp 1365w\" sizes=\"auto, (max-width: 1024px) 100vw, 1024px\" \/><\/figure>\n\n\n\n<div style=\"height:20px\" aria-hidden=\"true\" class=\"wp-block-spacer\"><\/div>\n\n\n\n<p class=\"has-colibri-color-6-color has-text-color has-link-color has-medium-font-size wp-elements-ac15f6270937959f5214e0f047a7166c\">A cidade de Ponta Delgada recebeu, nos dias <strong>25 e 26 de abril<\/strong>, o <strong>Torneio Nacional Atleta Completo<\/strong>, onde os jovens atletas da AAVC representaram a regi\u00e3o nas provas combinadas.<\/p>\n\n\n\n<p class=\"has-colibri-color-6-color has-text-color has-link-color has-medium-font-size wp-elements-a3a1f6d8727323832d30a4d324e88ab1\"><strong>Resultados individuais:<\/strong><\/p>\n\n\n\n<p class=\"has-colibri-color-6-color has-text-color has-link-color has-medium-font-size wp-elements-89f040f47dbae112556446e7f6347107\"><strong>Pentatlo Sub-14 Feminino<\/strong><\/p>\n\n\n\n<ul class=\"wp-block-list\">\n<li class=\"has-colibri-color-6-color has-text-color has-link-color has-medium-font-size wp-elements-d129b3042632d9047b31ca4e83332e57\">Diana Correia \u2013 8.\u00aa classificada | 2566 pontos<br>\ud83d\udc49 Destaque: 1000 metros<\/li>\n<\/ul>\n\n\n\n<p class=\"has-colibri-color-6-color has-text-color has-link-color has-medium-font-size wp-elements-e5bb70fe89bc53ad9809aa0bf67e57d4\"><strong>Pentatlo Sub-14 Masculino<\/strong><\/p>\n\n\n\n<ul class=\"wp-block-list\">\n<li class=\"has-colibri-color-6-color has-text-color has-link-color has-medium-font-size wp-elements-a841f0b669d7ebcf1810258c4b83a843\">Tom\u00e1s Pinto \u2013 11.\u00ba classificado | 1714 pontos<br>\ud83d\udc49 Destaque: 60 metros<\/li>\n<\/ul>\n\n\n\n<p class=\"has-colibri-color-6-color has-text-color has-link-color has-medium-font-size wp-elements-318c2313cc6d5853f809a117dbe904b9\"><strong>Heptatlo Sub-16 Feminino<\/strong><\/p>\n\n\n\n<ul class=\"wp-block-list\">\n<li class=\"has-colibri-color-6-color has-text-color has-link-color has-medium-font-size wp-elements-3d77eb35a2afef40d399971de3b72708\">Joana Cerqueira \u2013 19.\u00aa classificada | 2633 pontos<br>\ud83d\udc49 Destaque: 80 metros<\/li>\n<\/ul>\n\n\n\n<p class=\"has-colibri-color-6-color has-text-color has-link-color wp-elements-09b75e3d7e255083398938287182b5eb\"><strong>Octatlo Sub-16 Masculino<\/strong><\/p>\n\n\n\n<ul class=\"wp-block-list\">\n<li class=\"has-colibri-color-6-color has-text-color has-link-color has-medium-font-size wp-elements-89617edbacf9f2542c371ff96c3b684c\">Dinis Liquito \u2013 19.\u00ba classificado | 2367 pontos<br>\ud83d\udc49 Destaque: 80 metros<\/li>\n<\/ul>\n\n\n\n<p class=\"has-colibri-color-6-color has-text-color has-link-color has-medium-font-size wp-elements-9be3e6eb67233e2f09246da0ce4dfeec\"><strong>Classifica\u00e7\u00e3o Coletiva<\/strong><\/p>\n\n\n\n<ul class=\"wp-block-list\">\n<li class=\"has-medium-font-size\">AAVC \u2013 18.\u00ba lugar | 92,8 pontos<\/li>\n<\/ul>\n\n\n\n<div style=\"height:20px\" aria-hidden=\"true\" class=\"wp-block-spacer\"><\/div>\n\n\n\n<p class=\"has-colibri-color-6-color has-text-color has-link-color has-medium-font-size wp-elements-352c6f590c31af096e7fe01e911d4f76\">Apesar dos resultados, a participa\u00e7\u00e3o neste contexto nacional representa uma etapa importante no desenvolvimento dos nossos jovens atletas, permitindo-lhes ganhar experi\u00eancia competitiva e continuar o seu percurso de evolu\u00e7\u00e3o nas provas combinadas.<\/p>\n\n\n\n<p><\/p>\n\n\n\n<p class=\"has-medium-font-size\">Resultado completos dispon\u00edveis no site da FPA Competi\u00e7\u014des<br><a href=\"https:\/\/fpacompeticoes.pt\/5902\/competicao\">https:\/\/fpacompeticoes.pt\/5902\/competicao<\/a> <\/p>\n\n\n\n<p class=\"has-colibri-color-6-color has-text-color has-link-color has-medium-font-size wp-elements-85050815d6b3323545e55ef0d6ea5ad5\"><strong>Pelo Atletismo, para os Atletas, com os Clubes.<\/strong><\/p>\n","protected":false},"excerpt":{"rendered":"<p>A cidade de Ponta Delgada recebeu, nos dias 25 e 26 de abril, o Torneio Nacional Atleta Completo, onde os jovens atletas da AAVC representaram a regi\u00e3o nas provas combinadas. Resultados individuais: Pentatlo Sub-14 Feminino Pentatlo Sub-14 Masculino Heptatlo Sub-16 Feminino Octatlo Sub-16 Masculino Classifica\u00e7\u00e3o Coletiva Apesar dos resultados, a participa\u00e7\u00e3o neste contexto nacional representa [&hellip;]<\/p>\n","protected":false},"author":1,"featured_media":9213,"comment_status":"closed","ping_status":"","sticky":false,"template":"","format":"standard","meta":{"footnotes":""},"categories":[18],"tags":[],"class_list":["post-9212","post","type-post","status-publish","format-standard","has-post-thumbnail","hentry","category-noticias"],"_links":{"self":[{"href":"https:\/\/atletismoviana.pt\/aavc\/wp-json\/wp\/v2\/posts\/9212","targetHints":{"allow":["GET"]}}],"collection":[{"href":"https:\/\/atletismoviana.pt\/aavc\/wp-json\/wp\/v2\/posts"}],"about":[{"href":"https:\/\/atletismoviana.pt\/aavc\/wp-json\/wp\/v2\/types\/post"}],"author":[{"embeddable":true,"href":"https:\/\/atletismoviana.pt\/aavc\/wp-json\/wp\/v2\/users\/1"}],"replies":[{"embeddable":true,"href":"https:\/\/atletismoviana.pt\/aavc\/wp-json\/wp\/v2\/comments?post=9212"}],"version-history":[{"count":1,"href":"https:\/\/atletismoviana.pt\/aavc\/wp-json\/wp\/v2\/posts\/9212\/revisions"}],"predecessor-version":[{"id":9214,"href":"https:\/\/atletismoviana.pt\/aavc\/wp-json\/wp\/v2\/posts\/9212\/revisions\/9214"}],"wp:featuredmedia":[{"embeddable":true,"href":"https:\/\/atletismoviana.pt\/aavc\/wp-json\/wp\/v2\/media\/9213"}],"wp:attachment":[{"href":"https:\/\/atletismoviana.pt\/aavc\/wp-json\/wp\/v2\/media?parent=9212"}],"wp:term":[{"taxonomy":"category","embeddable":true,"href":"https:\/\/atletismoviana.pt\/aavc\/wp-json\/wp\/v2\/categories?post=9212"},{"taxonomy":"post_tag","embeddable":true,"href":"https:\/\/atletismoviana.pt\/aavc\/wp-json\/wp\/v2\/tags?post=9212"}],"curies":[{"name":"wp","href":"https:\/\/api.w.org\/{rel}","templated":true}]}}