{"id":9809,"date":"2026-07-21T15:01:34","date_gmt":"2026-07-21T15:01:34","guid":{"rendered":"https:\/\/atletismoviana.pt\/aavc\/?p=9809"},"modified":"2026-07-21T15:01:34","modified_gmt":"2026-07-21T15:01:34","slug":"david-pereira-e-lara-rego-campeoes-nacionais-sub-23","status":"publish","type":"post","link":"https:\/\/atletismoviana.pt\/aavc\/2026\/07\/21\/david-pereira-e-lara-rego-campeoes-nacionais-sub-23\/","title":{"rendered":"David Pereira e Lara Rego campe\u00f5es nacionais sub-23"},"content":{"rendered":"\n<figure class=\"wp-block-image size-large\"><img loading=\"lazy\" decoding=\"async\" width=\"1365\" height=\"767\" src=\"https:\/\/atletismoviana.pt\/aavc\/wp-content\/uploads\/2026\/07\/camp-nac-23-edited.webp\" alt=\"campeonato nacional sub-23\" class=\"wp-image-9811\" srcset=\"https:\/\/atletismoviana.pt\/aavc\/wp-content\/uploads\/2026\/07\/camp-nac-23-edited.webp 1365w, https:\/\/atletismoviana.pt\/aavc\/wp-content\/uploads\/2026\/07\/camp-nac-23-edited-300x169.webp 300w, https:\/\/atletismoviana.pt\/aavc\/wp-content\/uploads\/2026\/07\/camp-nac-23-edited-1024x575.webp 1024w, https:\/\/atletismoviana.pt\/aavc\/wp-content\/uploads\/2026\/07\/camp-nac-23-edited-768x432.webp 768w\" sizes=\"auto, (max-width: 1365px) 100vw, 1365px\" \/><\/figure>\n\n\n\n<div style=\"height:20px\" aria-hidden=\"true\" class=\"wp-block-spacer\"><\/div>\n\n\n\n<p class=\"has-colibri-color-6-color has-text-color has-link-color has-medium-font-size wp-elements-1 wp-block-paragraph\">Os <strong>Campeonatos Nacionais de Sub-23<\/strong> trouxeram v\u00e1rios resultados de destaque para os atletas do distrito, com presen\u00e7as no p\u00f3dio em diferentes disciplinas.<\/p>\n\n\n\n<p class=\"has-colibri-color-6-color has-text-color has-link-color has-medium-font-size wp-elements-2 wp-block-paragraph\"><strong>Atletas medalhados:<\/strong><\/p>\n\n\n\n<p class=\"has-colibri-color-6-color has-text-color has-link-color has-medium-font-size wp-elements-3 wp-block-paragraph\"><strong>Lara Rego<\/strong> (CAM-VC)<br>1.\u00aa classificada no Heptatlo \u2014 <strong>4235 pts<\/strong><\/p>\n\n\n\n<p class=\"has-colibri-color-6-color has-text-color has-link-color has-medium-font-size wp-elements-4 wp-block-paragraph\"><strong>David Pereira<\/strong> (CAOV)<br>1.\u00ba classificado nos 200 m \u2014 <strong>21.40 s<\/strong><\/p>\n\n\n\n<p class=\"has-colibri-color-6-color has-text-color has-link-color has-medium-font-size wp-elements-5 wp-block-paragraph\"><strong>In\u00eas Belbute<\/strong> (CAOV)<br>3.\u00aa classificada nos 10.000 m marcha \u2014 <strong>56:15.32<\/strong><\/p>\n\n\n\n<p class=\"has-colibri-color-6-color has-text-color has-link-color has-medium-font-size wp-elements-6 wp-block-paragraph\"><strong>Rodrigo Alves<\/strong> (CAOV)<br>3.\u00ba classificado no salto com vara \u2014 <strong>4,25 m<\/strong><\/p>\n\n\n\n<p class=\"has-colibri-color-6-color has-text-color has-link-color has-medium-font-size wp-elements-7 wp-block-paragraph\"><strong>Afonso Concei\u00e7\u00e3o<\/strong> (CAOV)<br>3.\u00ba classificado nos 400 m \u2014 <strong>48.41 s<\/strong><\/p>\n\n\n\n<p class=\"has-colibri-color-6-color has-text-color has-link-color has-medium-font-size wp-elements-8 wp-block-paragraph\">Nota ainda para <strong>Diego Martinez<\/strong> (CAM-VC), que somou <strong>5847 pontos no Decatlo<\/strong>, resultado que corresponderia ao 2.\u00ba lugar da prova, n\u00e3o sendo considerado para efeitos de classifica\u00e7\u00e3o nacional por ser atleta estrangeiro.<\/p>\n\n\n\n<p class=\"has-colibri-color-6-color has-text-color has-link-color has-medium-font-size wp-elements-9 wp-block-paragraph\">Um conjunto de resultados que confirma a qualidade e a diversidade do atletismo distrital, com medalhas nas provas combinadas, velocidade, marcha e saltos.<\/p>\n\n\n\n<div style=\"height:20px\" aria-hidden=\"true\" class=\"wp-block-spacer\"><\/div>\n\n\n\n<p class=\"has-medium-font-size wp-block-paragraph\">Resultados completos no site da FPA:<br><a href=\"https:\/\/beta.fpacompeticoes.pt\/competition\/6383\/schedule\">https:\/\/beta.fpacompeticoes.pt\/competition\/6383\/schedule<\/a>&nbsp;<\/p>\n\n\n\n<p class=\"has-colibri-color-6-color has-text-color has-link-color has-medium-font-size wp-elements-10 wp-block-paragraph\"><strong>Pelo Atletismo, para os Atletas, com os Clubes.<\/strong><\/p>\n","protected":false},"excerpt":{"rendered":"<p>Os Campeonatos Nacionais de Sub-23 trouxeram v\u00e1rios resultados de destaque para os atletas do distrito, com presen\u00e7as no p\u00f3dio em diferentes disciplinas. Atletas medalhados: Lara Rego (CAM-VC)1.\u00aa classificada no Heptatlo \u2014 4235 pts David Pereira (CAOV)1.\u00ba classificado nos 200 m \u2014 21.40 s In\u00eas Belbute (CAOV)3.\u00aa classificada nos 10.000 m marcha \u2014 56:15.32 Rodrigo Alves [&hellip;]<\/p>\n","protected":false},"author":1,"featured_media":9810,"comment_status":"closed","ping_status":"","sticky":false,"template":"","format":"standard","meta":{"footnotes":""},"categories":[18],"tags":[60,59,86,69],"class_list":["post-9809","post","type-post","status-publish","format-standard","has-post-thumbnail","hentry","category-noticias","tag-aavc","tag-atletismo","tag-campeonato-nacional","tag-fpatletismo"],"_links":{"self":[{"href":"https:\/\/atletismoviana.pt\/aavc\/wp-json\/wp\/v2\/posts\/9809","targetHints":{"allow":["GET"]}}],"collection":[{"href":"https:\/\/atletismoviana.pt\/aavc\/wp-json\/wp\/v2\/posts"}],"about":[{"href":"https:\/\/atletismoviana.pt\/aavc\/wp-json\/wp\/v2\/types\/post"}],"author":[{"embeddable":true,"href":"https:\/\/atletismoviana.pt\/aavc\/wp-json\/wp\/v2\/users\/1"}],"replies":[{"embeddable":true,"href":"https:\/\/atletismoviana.pt\/aavc\/wp-json\/wp\/v2\/comments?post=9809"}],"version-history":[{"count":1,"href":"https:\/\/atletismoviana.pt\/aavc\/wp-json\/wp\/v2\/posts\/9809\/revisions"}],"predecessor-version":[{"id":9812,"href":"https:\/\/atletismoviana.pt\/aavc\/wp-json\/wp\/v2\/posts\/9809\/revisions\/9812"}],"wp:featuredmedia":[{"embeddable":true,"href":"https:\/\/atletismoviana.pt\/aavc\/wp-json\/wp\/v2\/media\/9810"}],"wp:attachment":[{"href":"https:\/\/atletismoviana.pt\/aavc\/wp-json\/wp\/v2\/media?parent=9809"}],"wp:term":[{"taxonomy":"category","embeddable":true,"href":"https:\/\/atletismoviana.pt\/aavc\/wp-json\/wp\/v2\/categories?post=9809"},{"taxonomy":"post_tag","embeddable":true,"href":"https:\/\/atletismoviana.pt\/aavc\/wp-json\/wp\/v2\/tags?post=9809"}],"curies":[{"name":"wp","href":"https:\/\/api.w.org\/{rel}","templated":true}]}}